{"id":57821,"date":"2018-10-23T12:48:33","date_gmt":"2018-10-23T17:48:33","guid":{"rendered":"https:\/\/radiowebmx.com\/nota\/?p=57821"},"modified":"2018-10-23T12:48:33","modified_gmt":"2018-10-23T17:48:33","slug":"es-tiempo-de-la-revolucion-pacifica-de-los-ciudadanos-alfredo-ramirez","status":"publish","type":"post","link":"https:\/\/radiowebmx.com\/nota\/es-tiempo-de-la-revolucion-pacifica-de-los-ciudadanos-alfredo-ramirez\/","title":{"rendered":"Es tiempo de la revoluci\u00f3n pac\u00edfica de los ciudadanos: Alfredo Ram\u00edrez"},"content":{"rendered":"<p class=\"x_m_8787848978095146923m_-6855430733759427620gmail-MsoListParagraph\">\u00b7\u00a0\u00a0\u00a0\u00a0\u00a0\u00a0\u00a0\u00a0\u00a0<i>Con participaci\u00f3n ciudadana acabaremos con la corrupci\u00f3n y los privilegios de castas pol\u00edticas, afirma el diputado de Morena<\/i><\/p>\n<p class=\"x_MsoNormal\">\n<p class=\"x_MsoNormal\"><b>Apatzing\u00e1n, Michoac\u00e1n, 22 de octubre del 2018.-<\/b>Tenemos que cambiar el relato de nuestro presente y encontrar en la historia de esta tierra, Apatzing\u00e1n y Michoac\u00e1n,\u00a0 a los hombres y mujeres de valor que nos inspiren a seguir creyendo en las utop\u00edas, y nos ayuden a creer que es posible hacerlas realidad, expres\u00f3 el diputado de Morena, Alfredo Ram\u00edrez Bedolla, durante la celebraci\u00f3n del CCIV aniversario de la Constituci\u00f3n de Apatzing\u00e1n.<\/p>\n<p class=\"x_MsoNormal\">El coordinador del Grupo Parlamentario de Morena en el Congreso del Estadoagradeci\u00f3 al Presidente Municipal de Apatzing\u00e1n, Jos\u00e9 Luis Cruz Lucatero, la invitaci\u00f3n a ser orador oficial en el acto c\u00edvico con el que el gobierno municipal celebr\u00f3 la promulgaci\u00f3n del\u00a0 Decreto Constitucional para la Libertad de la Am\u00e9rica Mexicana.<\/p>\n<p class=\"x_MsoNormal\">A los habitantes de este valle de tierra caliente los convoc\u00f3 Alfredo Ram\u00edrez a ser responsables y estar a la altura de la herencia que han dejado pr\u00f3ceres como Hidalgo y Morelos: \u201csiembren la semilla de buenos hombres y mujeres, para que Apatzing\u00e1n mantenga su lugar honorable en la historia de M\u00e9xico\u201d.<\/p>\n<p class=\"x_MsoNormal\">En la plaza principal de este municipio, Ram\u00edrez Bedolla recalc\u00f3 que la sociedad michoacana est\u00e1 ante el imperativo de cambiar los valores que rigen la convivencia social, fundamentalmente \u00a0en regiones vulneradas por la violencia: \u201cQuienes viven al margen de la ley no pueden ser el\u00a0referente aspiracional de nuestros ni\u00f1os y j\u00f3venes. Tenemos que restituir la importancia de la educaci\u00f3n en la escuela y el hogar\u201d.<\/p>\n<p class=\"x_MsoNormal\">Al hablar sobre la importancia de la educaci\u00f3n, el presidente de la Junta de Coordinaci\u00f3n Pol\u00edtica en la LXXIV Legislatura sentenci\u00f3 que M\u00e9xico tiene una deuda hist\u00f3rica con la Universidad Michoacana de San Nicol\u00e1s de Hidalgo (UMSNH), porque en sus aulas se formaron quienes han enderezado el rumbo de la naci\u00f3n hacia destinos de mayor libertad y soberan\u00eda.<\/p>\n<p class=\"x_MsoNormal\">Subray\u00f3 que es momento de defender a la UMSNH con la exigencia de que sea considerada universidad nacional, que reciba presupuestos suficientes para su operaci\u00f3n, y su autonom\u00eda no sea considerada como moneda de cambio, sino respetada plenamente, asever\u00f3.<\/p>\n<p class=\"x_MsoNormal\">Alfredo Ram\u00edrez puntualiz\u00f3 que entre los principales aportes de la Constituci\u00f3n de Apatzing\u00e1n destacan el frenar los abusos de poder al dividir al Estado en los Poderes Legislativo, Ejecutivo y Judicial, adem\u00e1s de reconocer por primera vez a los habitantes del territorio como ciudadanos iguales ante la ley.<\/p>\n<p class=\"x_MsoNormal\">La vocaci\u00f3n liberal de la Constituci\u00f3n de Apatzing\u00e1n aporta principios que constituyen la base de la cuarta transformaci\u00f3n de la Rep\u00fablica que inici\u00f3 el pasado primero de julio, puntualiz\u00f3 Ram\u00edrez \u00a0Bedolla, y sentenci\u00f3 que ha llegado el momento de la revoluci\u00f3n pac\u00edfica de los ciudadanos.<\/p>\n<p class=\"x_MsoNormal\">\u201cCorresponde a los poderes p\u00fablicos respetar y hacer valer la ley, pero tambi\u00e9n a los ciudadanos. Juntos trabajaremos por una renovaci\u00f3n \u00e9tica del servicio p\u00fablico; acabaremos con la corrupci\u00f3n y los privilegios de castas pol\u00edticas\u201d, concluy\u00f3 Alfredo Ram\u00edrez.<\/p>\n","protected":false},"excerpt":{"rendered":"<p>\u00b7\u00a0\u00a0\u00a0\u00a0\u00a0\u00a0\u00a0\u00a0\u00a0Con participaci\u00f3n ciudadana acabaremos con la corrupci\u00f3n y los privilegios de castas pol\u00edticas, afirma el diputado de Morena Apatzing\u00e1n, Michoac\u00e1n, 22 de octubre del 2018.-Tenemos que cambiar el relato de nuestro presente y encontrar en la historia de esta tierra, Apatzing\u00e1n y Michoac\u00e1n,\u00a0 a los hombres y mujeres de valor que nos inspiren a seguir [&hellip;]<\/p>\n","protected":false},"author":2,"featured_media":57822,"comment_status":"closed","ping_status":"closed","sticky":false,"template":"","format":"standard","meta":{"footnotes":""},"categories":[6],"tags":[],"class_list":["post-57821","post","type-post","status-publish","format-standard","has-post-thumbnail","hentry","category-congreso-del-estado"],"_links":{"self":[{"href":"https:\/\/radiowebmx.com\/nota\/wp-json\/wp\/v2\/posts\/57821","targetHints":{"allow":["GET"]}}],"collection":[{"href":"https:\/\/radiowebmx.com\/nota\/wp-json\/wp\/v2\/posts"}],"about":[{"href":"https:\/\/radiowebmx.com\/nota\/wp-json\/wp\/v2\/types\/post"}],"author":[{"embeddable":true,"href":"https:\/\/radiowebmx.com\/nota\/wp-json\/wp\/v2\/users\/2"}],"replies":[{"embeddable":true,"href":"https:\/\/radiowebmx.com\/nota\/wp-json\/wp\/v2\/comments?post=57821"}],"version-history":[{"count":1,"href":"https:\/\/radiowebmx.com\/nota\/wp-json\/wp\/v2\/posts\/57821\/revisions"}],"predecessor-version":[{"id":57823,"href":"https:\/\/radiowebmx.com\/nota\/wp-json\/wp\/v2\/posts\/57821\/revisions\/57823"}],"wp:featuredmedia":[{"embeddable":true,"href":"https:\/\/radiowebmx.com\/nota\/wp-json\/wp\/v2\/media\/57822"}],"wp:attachment":[{"href":"https:\/\/radiowebmx.com\/nota\/wp-json\/wp\/v2\/media?parent=57821"}],"wp:term":[{"taxonomy":"category","embeddable":true,"href":"https:\/\/radiowebmx.com\/nota\/wp-json\/wp\/v2\/categories?post=57821"},{"taxonomy":"post_tag","embeddable":true,"href":"https:\/\/radiowebmx.com\/nota\/wp-json\/wp\/v2\/tags?post=57821"}],"curies":[{"name":"wp","href":"https:\/\/api.w.org\/{rel}","templated":true}]}}