{"id":57806,"date":"2018-10-22T13:21:27","date_gmt":"2018-10-22T18:21:27","guid":{"rendered":"https:\/\/radiowebmx.com\/nota\/?p=57806"},"modified":"2018-10-22T13:21:27","modified_gmt":"2018-10-22T18:21:27","slug":"catrinas-de-capula-tradicion-que-enaltece-la-organizacion-comunitaria-alfredo-ramirez","status":"publish","type":"post","link":"https:\/\/radiowebmx.com\/nota\/catrinas-de-capula-tradicion-que-enaltece-la-organizacion-comunitaria-alfredo-ramirez\/","title":{"rendered":"Catrinas de Capula, tradici\u00f3n que enaltece la organizaci\u00f3n comunitaria: Alfredo Ram\u00edrez"},"content":{"rendered":"<p class=\"x_gmail-m5792474571648682336ydpe8fd62f2yiv2977042357gmail-msonospacing\">\u00b7\u00a0\u00a0\u00a0\u00a0\u00a0\u00a0\u00a0\u00a0\u00a0<i>Reconocen labor del diputado de Morena para proteger a las artesan\u00edas con marcas colectivas<\/i><\/p>\n<p class=\"x_gmail-m5792474571648682336ydpe8fd62f2yiv2977042357gmail-msonospacing\"><b>\u00a0<\/b><\/p>\n<p class=\"x_gmail-m5792474571648682336ydpe8fd62f2yiv2977042357gmail-msonospacing\"><b>Morelia; Michoac\u00e1n, 21 de octubre de 2018<\/b>.-\u00a0La Expo Feria Nacional, Artesanal y Cultural de la Catrina. \u201cLas Calacas de Capula\u201d, es un claro ejemplo de que la organizaci\u00f3n comunitaria es el principal factor para el desarrollo local con visi\u00f3n de econom\u00eda solidaria, afirm\u00f3 el diputado de Morena Alfredo Ram\u00edrez Bedolla.<\/p>\n<p class=\"x_gmail-m5792474571648682336ydpe8fd62f2yiv2977042357gmail-msonospacing\">Al asistir como invitado a la inauguraci\u00f3n de la \u201cFeria de la Catrina\u201d, encabezada por el presidente municipal de Morelia Ra\u00fal Mor\u00f3n Orozco, el coordinador del Grupo Parlamentario de Morena en el Congreso del Estado record\u00f3:\u00a0 \u201chace m\u00e1s de una d\u00e9cada trabajamos con artesanos de Capula para proteger la autenticidad de sus catrinas con una marca colectiva; hoy, es muy satisfactorio ver que han hecho de su labor artesanal una vigorosa tradici\u00f3n,\u00a0 muy importante para la econom\u00eda de esta tenencia de Morelia\u201d.<\/p>\n<p class=\"x_gmail-m5792474571648682336ydpe8fd62f2yiv2977042357gmail-msonospacing\">Durante el acto inaugural, el secretario de Cultura Claudio M\u00e9ndez Fern\u00e1ndez reconoci\u00f3 la labor realizada por el diputado Alfredo Ram\u00edrez, Oscar Celis y Hugo Gama para proteger las artesan\u00edas de Capula con una denominaci\u00f3n de origen y un registro de marca ante el Instituto Mexicano de la Propiedad Industrial.<\/p>\n<p class=\"x_gmail-m5792474571648682336ydpe8fd62f2yiv2977042357gmail-msonospacing\">Los artesanos Alejandro Jacobo, Salvador Medina, Alfredo Mart\u00ednez Mata y Gerardo Pe\u00f1a, integrantes del Patronato de la Feria de Capula, consideran que la creaci\u00f3n de la marca colectiva catapult\u00f3 a sus catrinas artesanales, que hasta antes del 2007 estaban en crisis debido a la proliferaci\u00f3n de piezas de baja calidad, y de imitaci\u00f3n.<\/p>\n<p class=\"x_gmail-m5792474571648682336ydpe8fd62f2yiv2977042357gmail-msonospacing\">\u00a0\u201cAlfredo Ram\u00edrez, que estaba en la Secretar\u00eda de Desarrollo Econ\u00f3mico, nos ech\u00f3 la mano porque comenzaron a impulsar marcas colectivas. Nos ayud\u00f3 a crear nuestra propia organizaci\u00f3n, a crear nuestros estatutos y eso deriv\u00f3 en organizar la Feria de la Catrina\u201d, afirma Alejandro Jacobo.<\/p>\n<p class=\"x_gmail-m5792474571648682336ydpe8fd62f2yiv2977042357gmail-msonospacing\">En Capula existen alrededor de 120 talleres artesanales dedicados exclusivamente a la producci\u00f3n de catrinas, por lo que Alfredo Ram\u00edrez insiste en que debe continuar el trabajo para proteger a las marcas colectivas artesanales ante la competencia desleal, en raz\u00f3n de ello, el pasado 4 de octubre promovi\u00f3 un exhorto al Instituto Mexicano de la Propiedad Industrial y al Instituto Nacional del Derecho de Autor para que investiguen, y en su caso sancionen la comercializaci\u00f3n de \u201ccatrinas pirata\u201d en tiendas departamentales como Liverpool y Superama.<\/p>\n<p class=\"x_gmail-m5792474571648682336ydpe8fd62f2yiv2977042357gmail-msonospacing\">Por unanimidad, la LXXIV Legislatura aprob\u00f3 la iniciativa de Ramirez Bedolla, por lo que el artesano Alejandro Jacobo expres\u00f3: \u201cnos sentimos bien arropados por nuestro Congreso, nos queda clara la defensa hacia nosotros los artesanos en contra del mercado informal y la comercializaci\u00f3n de productos pirata\u201d.<\/p>\n","protected":false},"excerpt":{"rendered":"<p>\u00b7\u00a0\u00a0\u00a0\u00a0\u00a0\u00a0\u00a0\u00a0\u00a0Reconocen labor del diputado de Morena para proteger a las artesan\u00edas con marcas colectivas \u00a0 Morelia; Michoac\u00e1n, 21 de octubre de 2018.-\u00a0La Expo Feria Nacional, Artesanal y Cultural de la Catrina. \u201cLas Calacas de Capula\u201d, es un claro ejemplo de que la organizaci\u00f3n comunitaria es el principal factor para el desarrollo local con visi\u00f3n de [&hellip;]<\/p>\n","protected":false},"author":2,"featured_media":57807,"comment_status":"closed","ping_status":"closed","sticky":false,"template":"","format":"standard","meta":{"footnotes":""},"categories":[6],"tags":[],"class_list":["post-57806","post","type-post","status-publish","format-standard","has-post-thumbnail","hentry","category-congreso-del-estado"],"_links":{"self":[{"href":"https:\/\/radiowebmx.com\/nota\/wp-json\/wp\/v2\/posts\/57806","targetHints":{"allow":["GET"]}}],"collection":[{"href":"https:\/\/radiowebmx.com\/nota\/wp-json\/wp\/v2\/posts"}],"about":[{"href":"https:\/\/radiowebmx.com\/nota\/wp-json\/wp\/v2\/types\/post"}],"author":[{"embeddable":true,"href":"https:\/\/radiowebmx.com\/nota\/wp-json\/wp\/v2\/users\/2"}],"replies":[{"embeddable":true,"href":"https:\/\/radiowebmx.com\/nota\/wp-json\/wp\/v2\/comments?post=57806"}],"version-history":[{"count":1,"href":"https:\/\/radiowebmx.com\/nota\/wp-json\/wp\/v2\/posts\/57806\/revisions"}],"predecessor-version":[{"id":57808,"href":"https:\/\/radiowebmx.com\/nota\/wp-json\/wp\/v2\/posts\/57806\/revisions\/57808"}],"wp:featuredmedia":[{"embeddable":true,"href":"https:\/\/radiowebmx.com\/nota\/wp-json\/wp\/v2\/media\/57807"}],"wp:attachment":[{"href":"https:\/\/radiowebmx.com\/nota\/wp-json\/wp\/v2\/media?parent=57806"}],"wp:term":[{"taxonomy":"category","embeddable":true,"href":"https:\/\/radiowebmx.com\/nota\/wp-json\/wp\/v2\/categories?post=57806"},{"taxonomy":"post_tag","embeddable":true,"href":"https:\/\/radiowebmx.com\/nota\/wp-json\/wp\/v2\/tags?post=57806"}],"curies":[{"name":"wp","href":"https:\/\/api.w.org\/{rel}","templated":true}]}}