{"id":5775,"date":"2014-03-03T11:07:54","date_gmt":"2014-03-03T17:07:54","guid":{"rendered":"https:\/\/radiowebmx.com\/nota\/?p=5775"},"modified":"2014-03-03T11:07:54","modified_gmt":"2014-03-03T17:07:54","slug":"preciso-que-productores-agropecuarios-conozcan-la-ley-del-isr-para-optimizar-su-mercado-sebastian-naranjo-blanco","status":"publish","type":"post","link":"https:\/\/radiowebmx.com\/nota\/preciso-que-productores-agropecuarios-conozcan-la-ley-del-isr-para-optimizar-su-mercado-sebastian-naranjo-blanco\/","title":{"rendered":"Preciso que productores agropecuarios conozcan la Ley del ISR para optimizar su mercado: Sebasti\u00e1n Naranjo Blanco"},"content":{"rendered":"<p><a href=\"https:\/\/radiowebmx.com\/nota\/wp-content\/uploads\/2014\/03\/Dip.-Sebasti\u00e1n-Naranjo-en-conferencia.jpg\"><img loading=\"lazy\" decoding=\"async\" class=\"alignleft size-full wp-image-5776\" alt=\"Dip. Sebasti\u00e1n Naranjo en conferencia\" src=\"https:\/\/radiowebmx.com\/nota\/wp-content\/uploads\/2014\/03\/Dip.-Sebasti\u00e1n-Naranjo-en-conferencia.jpg\" width=\"591\" height=\"219\" \/><\/a>El trabajo coordinado entre sociedad y autoridades es fundamental para el desarrollo de las colonias y comunidades de la ciudad, refiri\u00f3 el regidor moreliano Miguel \u00c1ngel Villegas Soto, al estar presente durante la presentaci\u00f3n del programa de actividades de la encargatura del orden del Infonavit Adolfo L\u00f3pez Mateos.<\/p>\n<p>&nbsp;<\/p>\n<p>Ante colonos de la L\u00f3pez Mateos, el regidor Villegas Soto destac\u00f3 la organizaci\u00f3n que existe entre los habitantes no solo de dicho asentamiento humano, sino la que se tiene con vecinos de colonias aleda\u00f1as, lo que representa un frente com\u00fan a la hora de solicitar apoyos en beneficio de las comunidades a las autoridades estatales y municipales.<\/p>\n<p>&nbsp;<\/p>\n<p>En una jornada de informaci\u00f3n a los vecinos y de corte de pelo gratuito a los ni\u00f1os de la zona por parte de estudiantes del Icatmi, Miguel \u00c1ngel Villegas refrend\u00f3 su compromiso para ser un enlace entre los ciudadanos y las autoridades de la Secretar\u00eda de Seguridad Ciudadana del municipio, para que se pueda mejorar la seguridad en dicha colonia.<\/p>\n<p>&nbsp;<\/p>\n<p>\u201cYa hab\u00edamos gestionado una reuni\u00f3n con el anterior secretario de Seguridad, en donde ustedes le hab\u00edan hecho llegar sus inquietudes, pero ahora con el cambio de titular en el \u00e1rea se tendr\u00e1 que retomar esta situaci\u00f3n, por lo cual les refrendo mi compromiso para seguir siendo el enlace con las autoridades para que puedan lograr una mayor presencia policial en la zona.\u201d<\/p>\n<p>&nbsp;<\/p>\n<p>Por su parte los vecinos del Infonavit Adolfo L\u00f3pez Mateos, agradecieron a las autoridades estatales y municipales el apoyo recibido en beneficio de la colonia, adem\u00e1s destacaron el apoyo del regidor en diversos temas como el acercamiento con las autoridades de seguridad y la donaci\u00f3n de 12 despensas en beneficio de personas de bajos recursos de la colonia.<\/p>\n<p>&nbsp;<\/p>\n<p>Finalmente, el regidor Miguel \u00c1ngel Villegas hizo un llamado a los morelianos a seguir el ejemplo del Infonavit L\u00f3pez Mateos, de unidad y trabajo coordinado con las autoridades de los tres niveles de gobierno, esto para el beneficio, seguridad y tranquilidad de cada una de las colonias de esta ciudad.<\/p>\n<p><b>\u00a0<\/b><\/p>\n","protected":false},"excerpt":{"rendered":"<p>El trabajo coordinado entre sociedad y autoridades es fundamental para el desarrollo de las colonias y comunidades de la ciudad, refiri\u00f3 el regidor moreliano Miguel \u00c1ngel Villegas Soto, al estar presente durante la presentaci\u00f3n del programa de actividades de la encargatura del orden del Infonavit Adolfo L\u00f3pez Mateos.<\/p>\n","protected":false},"author":1,"featured_media":0,"comment_status":"open","ping_status":"open","sticky":false,"template":"","format":"standard","meta":{"footnotes":""},"categories":[6,14,8],"tags":[],"class_list":["post-5775","post","type-post","status-publish","format-standard","hentry","category-congreso-del-estado","category-destacadas","category-grupo-parlamentario-del-pan"],"_links":{"self":[{"href":"https:\/\/radiowebmx.com\/nota\/wp-json\/wp\/v2\/posts\/5775","targetHints":{"allow":["GET"]}}],"collection":[{"href":"https:\/\/radiowebmx.com\/nota\/wp-json\/wp\/v2\/posts"}],"about":[{"href":"https:\/\/radiowebmx.com\/nota\/wp-json\/wp\/v2\/types\/post"}],"author":[{"embeddable":true,"href":"https:\/\/radiowebmx.com\/nota\/wp-json\/wp\/v2\/users\/1"}],"replies":[{"embeddable":true,"href":"https:\/\/radiowebmx.com\/nota\/wp-json\/wp\/v2\/comments?post=5775"}],"version-history":[{"count":2,"href":"https:\/\/radiowebmx.com\/nota\/wp-json\/wp\/v2\/posts\/5775\/revisions"}],"predecessor-version":[{"id":5778,"href":"https:\/\/radiowebmx.com\/nota\/wp-json\/wp\/v2\/posts\/5775\/revisions\/5778"}],"wp:attachment":[{"href":"https:\/\/radiowebmx.com\/nota\/wp-json\/wp\/v2\/media?parent=5775"}],"wp:term":[{"taxonomy":"category","embeddable":true,"href":"https:\/\/radiowebmx.com\/nota\/wp-json\/wp\/v2\/categories?post=5775"},{"taxonomy":"post_tag","embeddable":true,"href":"https:\/\/radiowebmx.com\/nota\/wp-json\/wp\/v2\/tags?post=5775"}],"curies":[{"name":"wp","href":"https:\/\/api.w.org\/{rel}","templated":true}]}}