{"id":5770,"date":"2014-03-03T11:00:33","date_gmt":"2014-03-03T17:00:33","guid":{"rendered":"https:\/\/radiowebmx.com\/nota\/?p=5770"},"modified":"2014-03-03T11:00:33","modified_gmt":"2014-03-03T17:00:33","slug":"secretaria-de-educacion-reitera-compromiso-en-el-uso-de-la-informatica-como-recurso-pedagogico","status":"publish","type":"post","link":"https:\/\/radiowebmx.com\/nota\/secretaria-de-educacion-reitera-compromiso-en-el-uso-de-la-informatica-como-recurso-pedagogico\/","title":{"rendered":"SECRETAR\u00cdA DE  EDUCACI\u00d3N REITERA COMPROMISO EN EL USO DE LA INFORM\u00c1TICA COMO RECURSO PEDAG\u00d3GICO"},"content":{"rendered":"<p><a href=\"https:\/\/radiowebmx.com\/nota\/wp-content\/uploads\/2014\/03\/IMG_6354.jpg\"><img loading=\"lazy\" decoding=\"async\" class=\"alignleft size-full wp-image-5771\" alt=\"IMG_6354\" src=\"https:\/\/radiowebmx.com\/nota\/wp-content\/uploads\/2014\/03\/IMG_6354.jpg\" width=\"591\" height=\"330\" \/><\/a>En el marco del XXVII\u00a0 aniversario del Proyecto de Introducci\u00f3n a la Computaci\u00f3n Electr\u00f3nica en la Educaci\u00f3n B\u00e1sica (COEBA), la Direcci\u00f3n de Educaci\u00f3n Extraescolar expres\u00f3 su compromiso para actualizar a docentes de los niveles Preescolar, Primaria y Secundaria, as\u00ed como trabajadores administrativos de la Secretaria, por medio de un diplomado que permita conocer los elementos necesarios para incorporarse al uso de las nuevas tecnolog\u00edas.<\/p>\n<p>\u201cHace 27 a\u00f1os la Secretar\u00eda de Educaci\u00f3n y el Instituto Latinoamericano de la Comunicaci\u00f3n Educativa, tomaron una importante decisi\u00f3n de llevar a cabo dicho proyecto, llenando as\u00ed un vac\u00edo reservado solo para los audaces que tienen como objetivo primordial la implementaci\u00f3n de la inform\u00e1tica como recurso pedag\u00f3gico en el aula de clase\u201d, record\u00f3 Iv\u00e1n Fernando Barrales Alc\u00e1ntara, en representaci\u00f3n del responsable de la pol\u00edtica educativa en Michoac\u00e1n, Jes\u00fas Sierra Arias.<\/p>\n<p>Asimismo, agreg\u00f3 que la formaci\u00f3n permanente se entiende como un proceso continuo a trav\u00e9s del cual se busca ampliar y fortalecer el horizonte conceptual de los trabajadores de la educaci\u00f3n.<\/p>\n<p>Barrales Alc\u00e1ntara se\u00f1al\u00f3 que no cabe duda que la educaci\u00f3n sistem\u00e1tica de los seres humanos contribuye al desarrollo y bienestar econ\u00f3mico en todos los \u00f3rdenes y\u00a0 parafrase\u00f3 a Steve Jobs -considerado como genio \u00a0de la inform\u00e1tica-: \u201cestamos en el mundo digital y virtual; toda aula que se construya sin visi\u00f3n de futuro solo servir\u00e1 para encarcelar las ideas, que pasemos de las murallas y las alambradas a los sistemas virtuales, es el clamor de los que desean volar sin las ataduras de lo que diga el maestro\u201d<\/p>\n<p>El funcionario record\u00f3 que la vida, como las monedas, tiene dos caras: con una se gana y con otra se pierde; los que apostaron a ganar hoy son distinguidos por festejar una a\u00f1o m\u00e1s de vida del proyecto que naciera en el a\u00f1o 1987. Las bases y el conocimiento que ahora poseen, los coloca y los hace provechosos por todas las clases sociales sin distinci\u00f3n alguna, ya\u00a0 que \u00a0los seres humanos instruidos se mueven con facilidad por todas la capas sociales como entes de equilibro y progreso.<\/p>\n<p>Por su parte, Blanca Aurora Villag\u00f3mez Ortiz, jefa del Departamento de Educaci\u00f3n no Formal, se\u00f1al\u00f3 que la atenci\u00f3n de COEBA se oferta a los maestros de los 113 municipios durante el a\u00f1o y en cursos de verano para facilitar que los profesores del interior del Estado tengan acceso a dichos procesos de formaci\u00f3n.<\/p>\n<p>Es por esto que el objetivo de dicho proyecto es proveer de una herramienta did\u00e1ctica y de actualizaci\u00f3n a los docentes de Educaci\u00f3n B\u00e1sica as\u00ed como para los trabajadores en apoyo a la educaci\u00f3n como secretarias y conserjes, demostrando con eso el inter\u00e9s de la Secretaria de Educaci\u00f3n de fortalecer las competencias, habilidades y actitudes para el manejo de tan importante herramienta, para el desarrollo educativo en la sociedad actual.<\/p>\n<p>El lunes 10 de marzo del presente a\u00f1o, se llevar\u00e1 a cabo la segunda parte del programa de formaci\u00f3n que tiene la modalidad de \u201cDiplomado de Competencias B\u00e1sicas de Inform\u00e1tica para Elevar la Calidad en la Educaci\u00f3n\u201d, cuya estructura se compone de siete m\u00f3dulos equivalentes a 120 horas efectivas de trabajo durante 7 semanas y que beneficiar\u00e1 principalmente a los trabajadores de oficinas centrales de la Secretaria de Educaci\u00f3n.<\/p>\n","protected":false},"excerpt":{"rendered":"<p>En el marco del XXVII  aniversario del Proyecto de Introducci\u00f3n a la Computaci\u00f3n Electr\u00f3nica en la Educaci\u00f3n B\u00e1sica (COEBA), la Direcci\u00f3n de Educaci\u00f3n Extraescolar expres\u00f3 su compromiso para actualizar a docentes de los niveles Preescolar, Primaria y Secundaria, as\u00ed como trabajadores administrativos de la Secretaria, por medio de un diplomado que permita conocer los elementos necesarios para incorporarse al uso de las nuevas tecnolog\u00edas<\/p>\n","protected":false},"author":1,"featured_media":0,"comment_status":"open","ping_status":"open","sticky":false,"template":"","format":"standard","meta":{"footnotes":""},"categories":[14,3],"tags":[],"class_list":["post-5770","post","type-post","status-publish","format-standard","hentry","category-destacadas","category-gobierno-del-estado-de-michoacan"],"_links":{"self":[{"href":"https:\/\/radiowebmx.com\/nota\/wp-json\/wp\/v2\/posts\/5770","targetHints":{"allow":["GET"]}}],"collection":[{"href":"https:\/\/radiowebmx.com\/nota\/wp-json\/wp\/v2\/posts"}],"about":[{"href":"https:\/\/radiowebmx.com\/nota\/wp-json\/wp\/v2\/types\/post"}],"author":[{"embeddable":true,"href":"https:\/\/radiowebmx.com\/nota\/wp-json\/wp\/v2\/users\/1"}],"replies":[{"embeddable":true,"href":"https:\/\/radiowebmx.com\/nota\/wp-json\/wp\/v2\/comments?post=5770"}],"version-history":[{"count":1,"href":"https:\/\/radiowebmx.com\/nota\/wp-json\/wp\/v2\/posts\/5770\/revisions"}],"predecessor-version":[{"id":5772,"href":"https:\/\/radiowebmx.com\/nota\/wp-json\/wp\/v2\/posts\/5770\/revisions\/5772"}],"wp:attachment":[{"href":"https:\/\/radiowebmx.com\/nota\/wp-json\/wp\/v2\/media?parent=5770"}],"wp:term":[{"taxonomy":"category","embeddable":true,"href":"https:\/\/radiowebmx.com\/nota\/wp-json\/wp\/v2\/categories?post=5770"},{"taxonomy":"post_tag","embeddable":true,"href":"https:\/\/radiowebmx.com\/nota\/wp-json\/wp\/v2\/tags?post=5770"}],"curies":[{"name":"wp","href":"https:\/\/api.w.org\/{rel}","templated":true}]}}