{"id":57659,"date":"2018-10-18T13:38:57","date_gmt":"2018-10-18T18:38:57","guid":{"rendered":"https:\/\/radiowebmx.com\/nota\/?p=57659"},"modified":"2018-10-18T13:38:57","modified_gmt":"2018-10-18T18:38:57","slug":"propone-brenda-fraga-nueva-forma-de-designacion-del-director-de-pensiones-civiles","status":"publish","type":"post","link":"https:\/\/radiowebmx.com\/nota\/propone-brenda-fraga-nueva-forma-de-designacion-del-director-de-pensiones-civiles\/","title":{"rendered":"Propone Brenda Fraga nueva forma de designaci\u00f3n del Director de Pensiones Civiles"},"content":{"rendered":"<p class=\"x_MsoNormal\"><b>Morelia; Michoac\u00e1n, 18 de octubre de 2018<\/b>.- La Coordinadora del Grupo Parlamentario del Partido del Trabajo (GPPT) en el Congreso de Michoac\u00e1n, Brenda Fraga Guti\u00e9rrez, present\u00f3 ante el Pleno del Legislativo, propuesta de reforma a la Ley de Pensiones Civiles del Estado; el objetivo, que la dependencia genere certeza y seguridad jur\u00eddica a sus cotizantes.<\/p>\n<p class=\"x_MsoNormal\">En primer lugar, dicha iniciativa de reforma propone que la designaci\u00f3n del director de la dependencia se haga a trav\u00e9s de una convocatoria p\u00fablica emitida por el Congreso de Michoac\u00e1n a fin de garantizar imparcialidad, independencia y calidad moral para cumplir con las atribuciones establecidas en la ley.<\/p>\n<p class=\"x_MsoNormal\">\u201cConsidero que la inestabilidad financiera de la Direcci\u00f3n de Pensiones Civiles del Estado, en parte es imputable a las atribuciones y decisiones del Presidente de la Junta y del Director de la instituci\u00f3n, raz\u00f3n por la cual, propongo que la designaci\u00f3n del Director sea mediante convocatoria p\u00fablica y a trav\u00e9s de una terna que se presente al Pleno\u201d, dijo la legisladora en su razonamiento.<\/p>\n<p class=\"x_MsoNormal\">Agreg\u00f3 que actualmente diversos organismos descentralizados ya cuentan con una asignaci\u00f3n similar, tal es el caso de la Comisi\u00f3n Estatal de los Derechos Humanos o la Comisi\u00f3n Ejecutiva de Atenci\u00f3n a V\u00edctimas, que dejaron de ser una atribuci\u00f3n del Ejecutivo por convenir a un Estado democr\u00e1tico, y que ahora es el caso de Pensiones Civiles del Estado.<\/p>\n<p class=\"x_MsoNormal\">La propuesta tambi\u00e9n pretende que los trabajadores que all\u00ed cotizan puedan liquidar sus pr\u00e9stamos hipotecarios de manera anticipada, ya que las condiciones de la ley actual obligan al trabajador a conservar por lo menos 7 a\u00f1os este tipo de pr\u00e9stamos, sin posibilidad de dar un adelanto.<\/p>\n<p class=\"x_MsoNormal\">Otra de las reformas a la ley presentadas por Fraga Guti\u00e9rrez es que se otorgue el monto total de las aportaciones de los trabajadores despu\u00e9s de ser dado de baja de la instituci\u00f3n para la que labor\u00f3 a\u00fan y cuando exista un conflicto laboral de por medio.<\/p>\n<p class=\"x_MsoNormal\">\u201cEs un problema com\u00fan que la dependencia se niegue a entregar el monto de las aportaciones, toda vez que para ello el trabajador requiere una constancia de baja, la cual es negada en donde existe un conflicto laboral, situaci\u00f3n que no debe ser motivo para violentar el derecho al cotizante a recibir un recurso que es suyo y que por a\u00f1os ha ahorrado\u201d, concluy\u00f3 la diputada.<\/p>\n","protected":false},"excerpt":{"rendered":"<p>Morelia; Michoac\u00e1n, 18 de octubre de 2018.- La Coordinadora del Grupo Parlamentario del Partido del Trabajo (GPPT) en el Congreso de Michoac\u00e1n, Brenda Fraga Guti\u00e9rrez, present\u00f3 ante el Pleno del Legislativo, propuesta de reforma a la Ley de Pensiones Civiles del Estado; el objetivo, que la dependencia genere certeza y seguridad jur\u00eddica a sus cotizantes. [&hellip;]<\/p>\n","protected":false},"author":2,"featured_media":57660,"comment_status":"closed","ping_status":"closed","sticky":false,"template":"","format":"standard","meta":{"footnotes":""},"categories":[6],"tags":[],"class_list":["post-57659","post","type-post","status-publish","format-standard","has-post-thumbnail","hentry","category-congreso-del-estado"],"_links":{"self":[{"href":"https:\/\/radiowebmx.com\/nota\/wp-json\/wp\/v2\/posts\/57659","targetHints":{"allow":["GET"]}}],"collection":[{"href":"https:\/\/radiowebmx.com\/nota\/wp-json\/wp\/v2\/posts"}],"about":[{"href":"https:\/\/radiowebmx.com\/nota\/wp-json\/wp\/v2\/types\/post"}],"author":[{"embeddable":true,"href":"https:\/\/radiowebmx.com\/nota\/wp-json\/wp\/v2\/users\/2"}],"replies":[{"embeddable":true,"href":"https:\/\/radiowebmx.com\/nota\/wp-json\/wp\/v2\/comments?post=57659"}],"version-history":[{"count":1,"href":"https:\/\/radiowebmx.com\/nota\/wp-json\/wp\/v2\/posts\/57659\/revisions"}],"predecessor-version":[{"id":57661,"href":"https:\/\/radiowebmx.com\/nota\/wp-json\/wp\/v2\/posts\/57659\/revisions\/57661"}],"wp:featuredmedia":[{"embeddable":true,"href":"https:\/\/radiowebmx.com\/nota\/wp-json\/wp\/v2\/media\/57660"}],"wp:attachment":[{"href":"https:\/\/radiowebmx.com\/nota\/wp-json\/wp\/v2\/media?parent=57659"}],"wp:term":[{"taxonomy":"category","embeddable":true,"href":"https:\/\/radiowebmx.com\/nota\/wp-json\/wp\/v2\/categories?post=57659"},{"taxonomy":"post_tag","embeddable":true,"href":"https:\/\/radiowebmx.com\/nota\/wp-json\/wp\/v2\/tags?post=57659"}],"curies":[{"name":"wp","href":"https:\/\/api.w.org\/{rel}","templated":true}]}}