{"id":57656,"date":"2018-10-18T13:37:51","date_gmt":"2018-10-18T18:37:51","guid":{"rendered":"https:\/\/radiowebmx.com\/nota\/?p=57656"},"modified":"2018-10-18T13:37:51","modified_gmt":"2018-10-18T18:37:51","slug":"propone-diputada-lucila-martinez-ley-de-profesiones","status":"publish","type":"post","link":"https:\/\/radiowebmx.com\/nota\/propone-diputada-lucila-martinez-ley-de-profesiones\/","title":{"rendered":"Propone diputada Lucila Mart\u00ednez Ley de Profesiones"},"content":{"rendered":"<p class=\"x_MsoNormal\"><b>Morelia; Michoac\u00e1n, 18 de octubre de 2018<\/b>.- Lucila Mart\u00ednez Manr\u00edquez diputada integrante de la Septuag\u00e9sima Cuarta Legislatura del Congreso del Estado de Michoac\u00e1n, por el Partido Verde Ecologista de M\u00e9xico,\u00a0 someti\u00f3 a consideraci\u00f3n de la c\u00e1mara de diputados, la iniciativa con proyecto de decreto que contiene la Ley de Profesiones.<\/p>\n<p class=\"x_MsoNormal\">En su desglose de la propuesta, la legisladora dijo que la din\u00e1mica social y la globalizaci\u00f3n educativa demandan una pr\u00e1ctica profesional m\u00e1s ajustada a la realidad, as\u00ed como un marco normativo que d\u00e9 respuesta oportuna a los avances y exigencia.<\/p>\n<p class=\"x_MsoNormal\">\u201cLos profesionistas de recientes generaciones, enfrentan nuevos desaf\u00edos de cara a los avances tecnol\u00f3gicos, por lo que se requieren normas que faciliten los tr\u00e1mites, generen estabilidad y procuren la eficacia de los procesos administrativos de la pr\u00e1ctica profesional\u201d, subray\u00f3.<\/p>\n<p class=\"x_MsoNormal\">Es en este contexto, el estado no se puede quedar a la zaga de los requerimientos sociales y debe fomentar, regular, vigilar y supervisar el ejercicio profesional de manera m\u00e1s eficiente, rompiendo paradigmas como la tradicional lista de grados, que inclu\u00eda el grado de Bachiller, subray\u00f3.<\/p>\n<p class=\"x_MsoNormal\">Hoy el ejercicio profesional de ciertas ramas exige que se distinga entre grados acad\u00e9micos y profesionales; as\u00ed, por ejemplo en el ejercicio de la medicina, las especialidades tienen un objetivo diverso de los grados acad\u00e9micos de maestr\u00eda y doctorado, destac\u00f3.<\/p>\n<p class=\"x_MsoNormal\">\u201cLa din\u00e1mica social ha hecho obsoletas carreras que en el pasado fueron claves para la sociedad. As\u00ed, por ejemplo, la sociedad exige nuevas carreras, nuevas especialidades, nuevas ramas del conocimiento humano como grados o diplomados\u201d.<\/p>\n<p class=\"x_MsoNormal\">Es por eso que la nueva ley que propongo tiene por objeto dar certidumbre al ejercicio profesional en el sentido de su registro, actualizaci\u00f3n y autorizaci\u00f3n; as\u00ed como proteger a la sociedad estableciendo atribuciones de vigilancia sobre el ejercicio profesional en general.<\/p>\n<p class=\"x_MsoNormal\">Como legisladores tenemos la obligaci\u00f3n de impulsar leyes que generen certidumbre y certeza jur\u00eddica, y en este sentido, la praxis del ejercicio profesional no debe ser la excepci\u00f3n, al contrario, debemos procurar que a trav\u00e9s de la norma se genere contenido social, \u00e9tico y c\u00edvico en este tema.<\/p>\n<p class=\"x_MsoNormal\">Es por eso que la nueva ley propuesta, tiene por objeto dar certidumbre al ejercicio profesional en el sentido de su registro, actualizaci\u00f3n y autorizaci\u00f3n; as\u00ed como proteger a la sociedad estableciendo atribuciones de vigilancia sobre el ejercicio profesional en general, concluyo.<\/p>\n","protected":false},"excerpt":{"rendered":"<p>Morelia; Michoac\u00e1n, 18 de octubre de 2018.- Lucila Mart\u00ednez Manr\u00edquez diputada integrante de la Septuag\u00e9sima Cuarta Legislatura del Congreso del Estado de Michoac\u00e1n, por el Partido Verde Ecologista de M\u00e9xico,\u00a0 someti\u00f3 a consideraci\u00f3n de la c\u00e1mara de diputados, la iniciativa con proyecto de decreto que contiene la Ley de Profesiones. En su desglose de la [&hellip;]<\/p>\n","protected":false},"author":2,"featured_media":57657,"comment_status":"closed","ping_status":"closed","sticky":false,"template":"","format":"standard","meta":{"footnotes":""},"categories":[6],"tags":[],"class_list":["post-57656","post","type-post","status-publish","format-standard","has-post-thumbnail","hentry","category-congreso-del-estado"],"_links":{"self":[{"href":"https:\/\/radiowebmx.com\/nota\/wp-json\/wp\/v2\/posts\/57656","targetHints":{"allow":["GET"]}}],"collection":[{"href":"https:\/\/radiowebmx.com\/nota\/wp-json\/wp\/v2\/posts"}],"about":[{"href":"https:\/\/radiowebmx.com\/nota\/wp-json\/wp\/v2\/types\/post"}],"author":[{"embeddable":true,"href":"https:\/\/radiowebmx.com\/nota\/wp-json\/wp\/v2\/users\/2"}],"replies":[{"embeddable":true,"href":"https:\/\/radiowebmx.com\/nota\/wp-json\/wp\/v2\/comments?post=57656"}],"version-history":[{"count":1,"href":"https:\/\/radiowebmx.com\/nota\/wp-json\/wp\/v2\/posts\/57656\/revisions"}],"predecessor-version":[{"id":57658,"href":"https:\/\/radiowebmx.com\/nota\/wp-json\/wp\/v2\/posts\/57656\/revisions\/57658"}],"wp:featuredmedia":[{"embeddable":true,"href":"https:\/\/radiowebmx.com\/nota\/wp-json\/wp\/v2\/media\/57657"}],"wp:attachment":[{"href":"https:\/\/radiowebmx.com\/nota\/wp-json\/wp\/v2\/media?parent=57656"}],"wp:term":[{"taxonomy":"category","embeddable":true,"href":"https:\/\/radiowebmx.com\/nota\/wp-json\/wp\/v2\/categories?post=57656"},{"taxonomy":"post_tag","embeddable":true,"href":"https:\/\/radiowebmx.com\/nota\/wp-json\/wp\/v2\/tags?post=57656"}],"curies":[{"name":"wp","href":"https:\/\/api.w.org\/{rel}","templated":true}]}}