{"id":57652,"date":"2018-10-18T13:36:29","date_gmt":"2018-10-18T18:36:29","guid":{"rendered":"https:\/\/radiowebmx.com\/nota\/?p=57652"},"modified":"2018-10-18T13:36:29","modified_gmt":"2018-10-18T18:36:29","slug":"se-pronuncia-gabriela-ceballos-por-fortalecer-la-difusion-cultural-en-michoacan","status":"publish","type":"post","link":"https:\/\/radiowebmx.com\/nota\/se-pronuncia-gabriela-ceballos-por-fortalecer-la-difusion-cultural-en-michoacan\/","title":{"rendered":"SE PRONUNCIA GABRIELA CEBALLOS POR FORTALECER LA DIFUSI\u00d3N CULTURAL EN MICHOAC\u00c1N"},"content":{"rendered":"<p class=\"x_m_3666424755464890942gmail-MsoListParagraph\" align=\"center\">\u00b7\u00a0\u00a0\u00a0\u00a0\u00a0\u00a0\u00a0\u00a0\u00a0La presidenta de la Comisi\u00f3n de Cultura y Artes, hizo votos para mejorar las condiciones del sector en la entidad<\/p>\n<p class=\"x_MsoNormal\">Tras reconocer la riqueza cultural que impera en todas las regiones de Michoac\u00e1n, la presidenta de la Comisi\u00f3n de Cultura y Artes, Gabriela Ceballos Hern\u00e1ndez, se comprometi\u00f3 a trabajar incansablemente para mejorar las condiciones del sector en el estado.<\/p>\n<p class=\"x_MsoNormal\">Lo anterior en el marco de la instalaci\u00f3n de los trabajos de dicha Comisi\u00f3n, en donde la representante del Distrito 4 de Jiquilpan, hizo votos para que se impulse un trabajo permanente con todos los \u00f3rdenes de gobierno para fortalecer todos los temas culturales y de artes de la entidad, brind\u00e1ndoles mayores herramientas y mejores condiciones para su desarrollo.<\/p>\n<p class=\"x_MsoNormal\">La diputada panista, reconoci\u00f3 la trascendencia que este rubro tiene para Michoac\u00e1n, no s\u00f3lo por las diversas actividades culturales que lo caracterizan, sino por la derrama econ\u00f3mica que genera para los artesanos michoacanos.<\/p>\n<p class=\"x_MsoNormal\">Por ello, se pronunci\u00f3 para que todas las fracciones parlamentarias participen de manera activa y se sumen al compromiso de construir leyes que sustenten la promoci\u00f3n tur\u00edstica cultural, protegiendo y brindando mayores oportunidades de crecimiento a los artesanos y a los profesionistas de la cultura en la entidad.<\/p>\n<p class=\"x_MsoNormal\">\u00a0Finalmente, asegur\u00f3 que buscar\u00e1 un acercamiento con las autoridades responsables de la Secretar\u00eda de Cultura para sumar esfuerzos y hacer un trabajo digno y honroso a favor de todos los artistas michoacanos.<\/p>\n","protected":false},"excerpt":{"rendered":"<p>\u00b7\u00a0\u00a0\u00a0\u00a0\u00a0\u00a0\u00a0\u00a0\u00a0La presidenta de la Comisi\u00f3n de Cultura y Artes, hizo votos para mejorar las condiciones del sector en la entidad Tras reconocer la riqueza cultural que impera en todas las regiones de Michoac\u00e1n, la presidenta de la Comisi\u00f3n de Cultura y Artes, Gabriela Ceballos Hern\u00e1ndez, se comprometi\u00f3 a trabajar incansablemente para mejorar las condiciones del [&hellip;]<\/p>\n","protected":false},"author":2,"featured_media":57654,"comment_status":"closed","ping_status":"closed","sticky":false,"template":"","format":"standard","meta":{"footnotes":""},"categories":[6],"tags":[],"class_list":["post-57652","post","type-post","status-publish","format-standard","has-post-thumbnail","hentry","category-congreso-del-estado"],"_links":{"self":[{"href":"https:\/\/radiowebmx.com\/nota\/wp-json\/wp\/v2\/posts\/57652","targetHints":{"allow":["GET"]}}],"collection":[{"href":"https:\/\/radiowebmx.com\/nota\/wp-json\/wp\/v2\/posts"}],"about":[{"href":"https:\/\/radiowebmx.com\/nota\/wp-json\/wp\/v2\/types\/post"}],"author":[{"embeddable":true,"href":"https:\/\/radiowebmx.com\/nota\/wp-json\/wp\/v2\/users\/2"}],"replies":[{"embeddable":true,"href":"https:\/\/radiowebmx.com\/nota\/wp-json\/wp\/v2\/comments?post=57652"}],"version-history":[{"count":1,"href":"https:\/\/radiowebmx.com\/nota\/wp-json\/wp\/v2\/posts\/57652\/revisions"}],"predecessor-version":[{"id":57655,"href":"https:\/\/radiowebmx.com\/nota\/wp-json\/wp\/v2\/posts\/57652\/revisions\/57655"}],"wp:featuredmedia":[{"embeddable":true,"href":"https:\/\/radiowebmx.com\/nota\/wp-json\/wp\/v2\/media\/57654"}],"wp:attachment":[{"href":"https:\/\/radiowebmx.com\/nota\/wp-json\/wp\/v2\/media?parent=57652"}],"wp:term":[{"taxonomy":"category","embeddable":true,"href":"https:\/\/radiowebmx.com\/nota\/wp-json\/wp\/v2\/categories?post=57652"},{"taxonomy":"post_tag","embeddable":true,"href":"https:\/\/radiowebmx.com\/nota\/wp-json\/wp\/v2\/tags?post=57652"}],"curies":[{"name":"wp","href":"https:\/\/api.w.org\/{rel}","templated":true}]}}