{"id":5750,"date":"2014-02-28T12:45:32","date_gmt":"2014-02-28T18:45:32","guid":{"rendered":"https:\/\/radiowebmx.com\/nota\/?p=5750"},"modified":"2014-02-28T12:45:32","modified_gmt":"2014-02-28T18:45:32","slug":"servidores-publicos-del-poder-judicial-actualizan-sus-conocimientos-sobre-imparticion-de-justicia-con-perspectiva-de-genero","status":"publish","type":"post","link":"https:\/\/radiowebmx.com\/nota\/servidores-publicos-del-poder-judicial-actualizan-sus-conocimientos-sobre-imparticion-de-justicia-con-perspectiva-de-genero\/","title":{"rendered":"Servidores p\u00fablicos del Poder Judicial actualizan sus conocimientos sobre impartici\u00f3n de justicia con perspectiva de g\u00e9nero"},"content":{"rendered":"<p><a href=\"https:\/\/radiowebmx.com\/nota\/wp-content\/uploads\/2014\/02\/1.jpg\"><img loading=\"lazy\" decoding=\"async\" class=\"alignleft size-full wp-image-5751\" alt=\"1\" src=\"https:\/\/radiowebmx.com\/nota\/wp-content\/uploads\/2014\/02\/1.jpg\" width=\"591\" height=\"204\" \/><\/a>M\u00e1s de 120 servidores p\u00fablicos del Poder Judicial de Michoac\u00e1n participaron en d\u00edas pasados en el Foro Estatal de Igualdad de G\u00e9nero en la Impartici\u00f3n de Justicia, organizado conjuntamente con la Secretar\u00eda de la Mujer en el Estado.<\/p>\n<p>&nbsp;<\/p>\n<p>En la apertura del Foro se cont\u00f3 con la presencia de Juan Antonio Maga\u00f1a de la Mora, presidente del Supremo Tribunal de Justicia y del Consejo del Poder Judicial de Michoac\u00e1n; Consuelo Muro Urista, secretaria de la mujer en el estado; Emmanuel Roa Ortiz, director del Instituto de la Judicatura del Poder Judicial, as\u00ed como la ponente Alicia P\u00e9rez Duarte y Noro\u00f1a.<\/p>\n<p>&nbsp;<\/p>\n<p>En el evento, Consuelo Muro Urista felicit\u00f3 al Poder Judicial de Michoac\u00e1n por la capacitaci\u00f3n que est\u00e1 realizando con foros como \u00e9ste, e indic\u00f3 que es necesario estudiar el tema de igualdad de g\u00e9nero con una visi\u00f3n integral, as\u00ed como involucrar a todas las instancias que est\u00e1n relacionadas con garantizar los derechos de la mujer y administrar justicia.<\/p>\n<p>&nbsp;<\/p>\n<p>Por su parte, Emmanuel Roa Ortiz se\u00f1al\u00f3 que el trabajo entre ambas instituciones est\u00e1 enfocado a sensibilizar a los servidores p\u00fablicos en el tema de la impartici\u00f3n de justicia con perspectiva de g\u00e9nero, \u201cDesde hace cinco a\u00f1os, expertos en el tema han interactuado con personal de la instituci\u00f3n en diferentes distritos judiciales, a fin de dar a la mujer el lugar que le corresponde dentro de la impartici\u00f3n y administraci\u00f3n de justicia\u201d.<\/p>\n<p>&nbsp;<\/p>\n<p>A\u00f1adi\u00f3 que el Poder Judicial es consciente de las obligaciones que tiene tanto por lo establecido en las Constituciones federal y estatal sobre la igualdad de g\u00e9nero y los derechos de la mujer, y que tambi\u00e9n responde a los tratados e instrumentos internacionales en la materia.<\/p>\n<p>&nbsp;<\/p>\n<p>En este foro participaron jueces de primera instancia, proyectistas, actuarios, escribientes, servidores p\u00fablicos de \u00e1reas administrativas y actores de diferentes sectores sociales; y se abordaron temas como: g\u00e9nero y violencia contra las mujeres, tratados internacionales en el Nuevo sistema de justicia penal, necesidad de juzgar con perspectiva de g\u00e9nero y \u00f3rdenes de protecci\u00f3n.<\/p>\n<p>&nbsp;<\/p>\n","protected":false},"excerpt":{"rendered":"<p>M\u00e1s de 120 servidores p\u00fablicos del Poder Judicial de Michoac\u00e1n participaron en d\u00edas pasados en el Foro Estatal de Igualdad de G\u00e9nero en la Impartici\u00f3n de Justicia, organizado conjuntamente con la Secretar\u00eda de la Mujer en el Estado.<\/p>\n","protected":false},"author":1,"featured_media":0,"comment_status":"open","ping_status":"open","sticky":false,"template":"","format":"standard","meta":{"footnotes":""},"categories":[14,3],"tags":[],"class_list":["post-5750","post","type-post","status-publish","format-standard","hentry","category-destacadas","category-gobierno-del-estado-de-michoacan"],"_links":{"self":[{"href":"https:\/\/radiowebmx.com\/nota\/wp-json\/wp\/v2\/posts\/5750","targetHints":{"allow":["GET"]}}],"collection":[{"href":"https:\/\/radiowebmx.com\/nota\/wp-json\/wp\/v2\/posts"}],"about":[{"href":"https:\/\/radiowebmx.com\/nota\/wp-json\/wp\/v2\/types\/post"}],"author":[{"embeddable":true,"href":"https:\/\/radiowebmx.com\/nota\/wp-json\/wp\/v2\/users\/1"}],"replies":[{"embeddable":true,"href":"https:\/\/radiowebmx.com\/nota\/wp-json\/wp\/v2\/comments?post=5750"}],"version-history":[{"count":2,"href":"https:\/\/radiowebmx.com\/nota\/wp-json\/wp\/v2\/posts\/5750\/revisions"}],"predecessor-version":[{"id":5753,"href":"https:\/\/radiowebmx.com\/nota\/wp-json\/wp\/v2\/posts\/5750\/revisions\/5753"}],"wp:attachment":[{"href":"https:\/\/radiowebmx.com\/nota\/wp-json\/wp\/v2\/media?parent=5750"}],"wp:term":[{"taxonomy":"category","embeddable":true,"href":"https:\/\/radiowebmx.com\/nota\/wp-json\/wp\/v2\/categories?post=5750"},{"taxonomy":"post_tag","embeddable":true,"href":"https:\/\/radiowebmx.com\/nota\/wp-json\/wp\/v2\/tags?post=5750"}],"curies":[{"name":"wp","href":"https:\/\/api.w.org\/{rel}","templated":true}]}}