{"id":57427,"date":"2018-10-15T18:47:32","date_gmt":"2018-10-15T23:47:32","guid":{"rendered":"https:\/\/radiowebmx.com\/nota\/?p=57427"},"modified":"2018-10-15T18:47:32","modified_gmt":"2018-10-15T23:47:32","slug":"fortalecer-al-sector-educativo-desde-el-congreso-compromiso-de-octavio-ocampo","status":"publish","type":"post","link":"https:\/\/radiowebmx.com\/nota\/fortalecer-al-sector-educativo-desde-el-congreso-compromiso-de-octavio-ocampo\/","title":{"rendered":"Fortalecer al sector educativo desde el Congreso, compromiso de Octavio Ocampo"},"content":{"rendered":"<p class=\"x_gmail-MsoListParagraph\">\u00b7\u00a0\u00a0\u00a0\u00a0\u00a0\u00a0\u00a0\u00a0\u00a0<i>Se instala Comisi\u00f3n de Educaci\u00f3n y revisan pendientes<\/i><\/p>\n<p class=\"x_MsoNormal\"><i>\u00a0<\/i><\/p>\n<p class=\"x_gmail-MsoListParagraph\">\u00b7\u00a0\u00a0\u00a0\u00a0\u00a0\u00a0\u00a0\u00a0\u00a0<i>Acuerdan reuni\u00f3n con el titular de la SEE<\/i><\/p>\n<p class=\"x_MsoNormal\"><i>\u00a0<\/i><\/p>\n<p class=\"x_gmail-MsoListParagraph\">\u00b7\u00a0\u00a0\u00a0\u00a0\u00a0\u00a0\u00a0\u00a0\u00a0<i>Reciben a integrantes del Sindicato de Telebachillerato<\/i><\/p>\n<p class=\"x_MsoNormal\"><b>\u00a0<\/b><\/p>\n<p class=\"x_MsoNormal\"><b>Morelia; Michoac\u00e1n, 15 de octubre de 2018<\/b>.-\u00a0Uno de los retos de la LXXIV Legislatura local ser\u00e1 abonar a fortalecer al sector educativo, el cual es clave para el crecimiento de Michoac\u00e1n, afirm\u00f3 el diputado Octavio Ocampo C\u00f3rdova en el marco de la instalaci\u00f3n de la Comisi\u00f3n de Educaci\u00f3n de la que es integrante.<\/p>\n<p class=\"x_MsoNormal\">\n<p class=\"x_MsoNormal\">Durante la primera reuni\u00f3n de la instalaci\u00f3n de la Comisi\u00f3n de Educaci\u00f3n, se inform\u00f3 los temas pendientes de la anterior legislatura, se acord\u00f3 establecer una ruta de trabajo para estudiar, analizar y dictaminar los mismos.<\/p>\n<p class=\"x_MsoNormal\">\n<p class=\"x_MsoNormal\">En el marco de la reuni\u00f3n, en la que se atendieron a representantes del Sindicato de Telebachillerato, tom\u00f3 nota de sus planteamientos, mismos que buscar\u00e1 que sean atendidos en las instancias correspondientes.<\/p>\n<p class=\"x_MsoNormal\">\n<p class=\"x_MsoNormal\">En ese contexto, expusieron que se les tiene un adeudo y solicitan el apoyo de los legisladores para la gesti\u00f3n del mismo, as\u00ed como del pago extraordinario y aumento del presupuesto para prestaciones dignas para los trabajadores, tema que se comprometieron a analizar y plantearlo ante las instancias correspondientes.<\/p>\n<p class=\"x_MsoNormal\">\n<p class=\"x_MsoNormal\">De la misma forma, en la reuni\u00f3n de la Comisi\u00f3n de Educaci\u00f3n se aprob\u00f3 convocar a una reuni\u00f3n de acercamiento y trabajo con el titular de la SEE, Alberto Frutis Sol\u00eds el pr\u00f3ximo 24 de octubre, con el objetivo de establecer acciones que puedan promover en beneficio de este sector, cada quien desde su trinchera, en pro de este sector.<\/p>\n<p class=\"x_MsoNormal\">\n<p class=\"x_MsoNormal\">Aunado a ello, Octavio Ocampo mencion\u00f3 que en el sector existen grandes franjas de poblaci\u00f3n marginadas que no tienen un acceso efectivo al derecho de educaci\u00f3n en el pa\u00eds y si bien en el caso de Michoac\u00e1n se han realizado esfuerzos importantes, es necesario redoblar esfuerzos y apoyar desde el Congreso del Estado y desde la Ley a este sector.<\/p>\n<p class=\"x_MsoNormal\">\n<p class=\"x_MsoNormal\">El diputado local por el Distrito de Huetamo, mencion\u00f3 que el fortalecer a este sector es una prioridad, por ello, desde la bancada parlamentaria del PRD se plantear\u00e1n propuestas a impulsar a trav\u00e9s de la agenda legislativa, por lo que ser\u00e1 uno de los temas a concretar en la actual Legislatura.<\/p>\n<p class=\"x_MsoNormal\">\n<p class=\"x_MsoNormal\">En materia educativa resalt\u00f3 el compromiso es garantizar que la educaci\u00f3n sea obligatoria y accesible para todos los habitantes.<\/p>\n<p class=\"x_MsoNormal\">\n<p class=\"x_MsoNormal\">Por ello, recalc\u00f3 que se legislar\u00e1 para apoyar en reforzar la infraestructura de los edificios educativos, apoyo a los empleados de educaci\u00f3n y con ello disminuir las dificultades que tienen las zonas marginadas para tener un acceso efectivo a su derecho de educaci\u00f3n.<\/p>\n","protected":false},"excerpt":{"rendered":"<p>\u00b7\u00a0\u00a0\u00a0\u00a0\u00a0\u00a0\u00a0\u00a0\u00a0Se instala Comisi\u00f3n de Educaci\u00f3n y revisan pendientes \u00a0 \u00b7\u00a0\u00a0\u00a0\u00a0\u00a0\u00a0\u00a0\u00a0\u00a0Acuerdan reuni\u00f3n con el titular de la SEE \u00a0 \u00b7\u00a0\u00a0\u00a0\u00a0\u00a0\u00a0\u00a0\u00a0\u00a0Reciben a integrantes del Sindicato de Telebachillerato \u00a0 Morelia; Michoac\u00e1n, 15 de octubre de 2018.-\u00a0Uno de los retos de la LXXIV Legislatura local ser\u00e1 abonar a fortalecer al sector educativo, el cual es clave para el crecimiento [&hellip;]<\/p>\n","protected":false},"author":2,"featured_media":57428,"comment_status":"closed","ping_status":"closed","sticky":false,"template":"","format":"standard","meta":{"footnotes":""},"categories":[6],"tags":[],"class_list":["post-57427","post","type-post","status-publish","format-standard","has-post-thumbnail","hentry","category-congreso-del-estado"],"_links":{"self":[{"href":"https:\/\/radiowebmx.com\/nota\/wp-json\/wp\/v2\/posts\/57427","targetHints":{"allow":["GET"]}}],"collection":[{"href":"https:\/\/radiowebmx.com\/nota\/wp-json\/wp\/v2\/posts"}],"about":[{"href":"https:\/\/radiowebmx.com\/nota\/wp-json\/wp\/v2\/types\/post"}],"author":[{"embeddable":true,"href":"https:\/\/radiowebmx.com\/nota\/wp-json\/wp\/v2\/users\/2"}],"replies":[{"embeddable":true,"href":"https:\/\/radiowebmx.com\/nota\/wp-json\/wp\/v2\/comments?post=57427"}],"version-history":[{"count":1,"href":"https:\/\/radiowebmx.com\/nota\/wp-json\/wp\/v2\/posts\/57427\/revisions"}],"predecessor-version":[{"id":57429,"href":"https:\/\/radiowebmx.com\/nota\/wp-json\/wp\/v2\/posts\/57427\/revisions\/57429"}],"wp:featuredmedia":[{"embeddable":true,"href":"https:\/\/radiowebmx.com\/nota\/wp-json\/wp\/v2\/media\/57428"}],"wp:attachment":[{"href":"https:\/\/radiowebmx.com\/nota\/wp-json\/wp\/v2\/media?parent=57427"}],"wp:term":[{"taxonomy":"category","embeddable":true,"href":"https:\/\/radiowebmx.com\/nota\/wp-json\/wp\/v2\/categories?post=57427"},{"taxonomy":"post_tag","embeddable":true,"href":"https:\/\/radiowebmx.com\/nota\/wp-json\/wp\/v2\/tags?post=57427"}],"curies":[{"name":"wp","href":"https:\/\/api.w.org\/{rel}","templated":true}]}}