{"id":5742,"date":"2014-02-28T12:35:07","date_gmt":"2014-02-28T18:35:07","guid":{"rendered":"https:\/\/radiowebmx.com\/nota\/?p=5742"},"modified":"2014-02-28T12:35:07","modified_gmt":"2014-02-28T18:35:07","slug":"temas-de-cafe-110","status":"publish","type":"post","link":"https:\/\/radiowebmx.com\/nota\/temas-de-cafe-110\/","title":{"rendered":"TEMAS DE CAF\u00c9"},"content":{"rendered":"<ul>\n<li><a href=\"https:\/\/radiowebmx.com\/nota\/wp-content\/uploads\/2013\/06\/temas-de-cafe.jpg\"><img loading=\"lazy\" decoding=\"async\" class=\"alignleft size-full wp-image-2805\" alt=\"temas de cafe\" src=\"https:\/\/radiowebmx.com\/nota\/wp-content\/uploads\/2013\/06\/temas-de-cafe.jpg\" width=\"295\" height=\"171\" \/><\/a>LUISA MARIA O SILVANO<\/li>\n<li>HAY LEY DE EDUCACION<\/li>\n<li>LAS MINORIAS RADICALES<\/li>\n<li>LA CNTE Y NORMALISTAS<\/li>\n<\/ul>\n<p>En las \u00faltimas tres legislaturas estatales,\u00a0 intentaron\u00a0 crear una Ley de Educaci\u00f3n Estatal y no pudieron, por diversas cuestiones principalmente, porque la CNTE y los normalistas se opusieron, mediante la violencia ya que como usted sabe es su mejor argumento, pero ayer bajo la presidencia de Alfonso Mart\u00ednez, quien obviamente pidi\u00f3 protecci\u00f3n para los legisladores, se aprob\u00f3 la iniciativa de la Ley Estatal de Educaci\u00f3n, que intenta armonizar la reforma constitucional en materia educativa, por eso desde temprana hora, la polic\u00eda federal resguard\u00f3 el edificio legislativo, ante lo cual se dio un enfrentamiento entre los integrantes de la CNTE, quienes para que se d\u00e9 una idea de su beligerancia, dejaron\u00a0 heridos a cuatro polic\u00edas federales.<\/p>\n<p>MANOTAZOS EN EL CONGRESO Y GAS LACRIMOGENO FUERA<\/p>\n<p>Mire usted tampoco se vale\u00a0 rasgarse las vestiduras, por escenas como las que se vieron ayer, tanto en el interior del sal\u00f3n de sesiones, como fuera en pleno coraz\u00f3n del Centro Hist\u00f3rico, en la avenida Madero, donde no es la primera vez que se ve la presencia de los gases lacrim\u00f3genos, tampoco son de todos los d\u00edas pero la verdad, ayer era necesario algo as\u00ed y es que en esta ocasi\u00f3n, no fueron los Goes sino elementos de la polic\u00eda federal, y eso que no pudieron o no los dejaron llegar, a la totalidad de los normalistas, ya que hab\u00eda retenes para detenerlos.<\/p>\n<p>RETENES PARA AUTODEFENSAS O \u00bfNORMALISTAS?<\/p>\n<p>Tambi\u00e9n en el interior\u00a0 del Congreso se presentaron escenas fuertes, manotazos, di\u00e1logos \u00e1speros pero repetimos esto no es del todo malo, es producto de una sociedad viva, actuante y participante, las diferencias entre\u00a0 perredistas y priistas, han sido constantes desde siempre, o sea desde que el PRD surgi\u00f3 como partido pol\u00edtico y tuvo presencia en el Congreso michoacano, as\u00ed que nadie debe asustarse por estas situaciones, y es que por ejemplo Selene es una diputada muy expresiva, recibi\u00f3 mensajes por su celular alarmantes.<\/p>\n<p>Ya les hemos comentado que los usuarios de las redes sociales, a veces exageran porque es lo que creen o se imaginan, as\u00ed sucedi\u00f3 ayer y Selene empez\u00f3 a recibir noticias alarmantes, de que hab\u00eda estallado una granada, que hab\u00eda gases lacrim\u00f3genos y que estaban masacrando a los profesores democr\u00e1ticos, fuera del congreso, cuando parece fue al rev\u00e9s, ante esta situaci\u00f3n Selene exigi\u00f3 al presidente de la Mesa directiva, que detuviera lo que ella llam\u00f3 masacre de profesores, por parte de la polic\u00eda federal, igual Cristina Portillo intent\u00f3 subir\u00a0 a la tribuna, lo cual fue evitado por el diputado Salom\u00f3n Rosales y varios asesores, de los diputados priistas desde luego.<\/p>\n<p>MORELIA AYER FUE UN ENORME CAOS VIAL<\/p>\n<p>En el interior del Congreso la situaci\u00f3n estaba calientita, pero bajo control hubo algunos empujones, manotazos y una que otra palabra\u00a0 malsonante, pero no m\u00e1s\u00a0 fuera la situaci\u00f3n estaba m\u00e1s bien ca\u00f3tica, ya que la avenida Madero estaba bloqueada desde el templo de la Merced, hasta m\u00e1s all\u00e1 del Congreso y ya sabe\u00a0 usted cuando sucede esto, Morelia se convierte en una sucursal del infierno vial, m\u00e1s cuando los Antorchistas\u00a0 bloquearon la Ventura Puente, otra arter\u00eda vial de suma importancia, total que la mayor parte de la ciudad vivi\u00f3 momentos de verdadera locura, porque la polic\u00eda municipal no sirve, ni para ayudar a los conductores y menos a los peatones, quienes sufrieron por esta situaci\u00f3n.<\/p>\n<p>JUAN JOSE ORTEGA DIJO QUE DESOBEDECERAN LA LEY<\/p>\n<p>La situaci\u00f3n pudo ser peor pero los retenes que instalaron, para detener a los autodefensas sirvieron para detener a los normalistas, quienes no pudieron llegar en n\u00famero m\u00e1s elevado, y despu\u00e9s el dirigente estatal de la CNTE, Juan Jos\u00e9 Ortega dio a conocer, que no le importa que se haya aprobado la ley, afirm\u00f3 que ellos no la acatar\u00e1n la desobedecer\u00e1n, lo cual nos lleva a preguntarnos, si la van a desobedecer qu\u00e9 caso tiene que se vayan a instalar en forma indefinida frente al Congreso, simplemente que la desobedezcan y ya, no tienen por qu\u00e9 bloquear la Medero.<\/p>\n<p>\u00bfA QUIEN LE CREE, A CASTILLO O A LOS AUTODEFENSAS?<\/p>\n<p>Aunque hay\u00a0 lectores que nos llaman la atenci\u00f3n, por elogiar a los autodefensas, consideramos que son quienes realmente hacen el trabajo rudo, ahora que no todas las autodefensas son buenas, eso ya\u00a0 tambi\u00e9n est\u00e1 demostrado, pero nos\u00a0 referimos generalmente a las buenas, las cuales ya est\u00e1n a unos minutos de Morelia, en Quiroga y en Zirahu\u00e9n dijo el Comisario Castillo, quien agreg\u00f3 que no llegar\u00e1n a Morelia, lo que nos extra\u00f1a y llama la atenci\u00f3n, es \u00bfpor qu\u00e9 poner barricadas para contenerlos?, cuando se supone act\u00faan en consecuencia, no entendemos esa declaraci\u00f3n, bastar\u00eda con que les dijeran que no lleguen y ya \u00bfO no?.<\/p>\n<p>PAPA PITUFO DIJO NO LES INTERESA MORELIA, POR AHORA<\/p>\n<p>Mientras tanto Estanislao Beltr\u00e1n quien por cierto, desdijo la versi\u00f3n de que hab\u00eda problemas con Mireles e Hip\u00f3lito Mora, ya que se sacaron la foto juntos, coment\u00f3 que en verdad Morelia\u00a0 no les interesa por ahora, lo que quieren es seguir avanzando en otras poblaciones del interior y\u00a0 despu\u00e9s arribar\u00e1n a Morelia pero una vez que hayan limpiado la mayor parte del Estado, por lo cual Alfredo Castillo puede dormir tranquilo, por ahora las autodefensas se mantendr\u00e1n cerca, pero tranquilos.<\/p>\n<p>LAS MINORIAS REDICALES NO DEBEN CONDICIONARNOS<\/p>\n<p>Fue sensata la declaraci\u00f3n del dirigente estatal del PAN, Miguel Angel Ch\u00e1vez en el sentido, de que las minor\u00edas radicales no deben condicionar\u00a0 nuestro desarrollo, agreg\u00f3 que es necesario ante la situaci\u00f3n\u00a0 que se vive, retomar la agenda legislativa y\u00a0 la construcci\u00f3n de un acuerdo, por la educaci\u00f3n con la participaci\u00f3n de los padres de familia, y diversas organizaciones \u00a0de la sociedad civil, porque generalmente han sido las minor\u00edas radicales, que no tienen nada que perder, quienes han condicionado nuestro desarrollo, porque alejan las inversiones y al turismo.<\/p>\n<p>NUESTRO PESAME SINCERO PARA RUBEN VILLA<\/p>\n<p>En forma sincera enviamos nuestro p\u00e9same a la familia de nuestro amigo Rub\u00e9n Villa, por la muerte de uno de sus hijos, estamos seguros que no hay dolor m\u00e1s grande que la muerte de un hijo, por eso entendemos el dolor de nuestro amigo y solamente le pedimos a Dios, le env\u00ede de resignaci\u00f3n a manos llenas, en estos momentos de dolor. Se vela en la agencia que est\u00e1 a una cuadra, del ayuntamiento moreliano en el Centro Hist\u00f3rico.<\/p>\n<p>GUSTAVO MADERO PODRIA SER CANDIDATO UNICO<\/p>\n<p>Como est\u00e1 la situaci\u00f3n en el PAN, se podr\u00eda dar el fen\u00f3meno de que Gustavo Madero, fuera el \u00fanico candidato registrado, para la dirigencia nacional del PAN, \u00a0en su caso para su reelecci\u00f3n, la cual ser\u00e1 por primera vez en la historia del partido azul, abierta a la militancia \u00a0y es que trabajo bien hecho no amerita reclamaci\u00f3n, ya \u00a0que debemos reconocer que tanto Marko Cort\u00e9s, como Madero han hecho la tarea, porque debemos recordar que el PAN al final del gobierno de Calder\u00f3n, dec\u00eda tener un mill\u00f3n 800 mil militantes en su padr\u00f3n, despu\u00e9s se hizo una limpia y quedaron\u00a0 368 mil, pero no podr\u00e1n votar los que no tengan m\u00e1s de un a\u00f1o de ser militantes.<\/p>\n<p>Se estima que votar\u00e1n 222 mil panistas en la jornada electoral, del pr\u00f3ximo 18 de mayo, y parece que\u00a0 uno de los requisitos para registrase, ser\u00e1n las firmas de por lo menos 200 mil militantes, o sea que quien se registre con los 200 mil tendr\u00e1, la seguridad de ganar y hasta ahora quien ha hecho, un excelente trabajo ha sido Madero con Marko Cort\u00e9s, y el se\u00f1or Anaya total parece que todo se encuentra listo, para que Madero logre su reelecci\u00f3n, mientras tanto Josefina V\u00e1zquez Mota, neg\u00f3 ir en la contienda por la presidencia, parece que ella se ir\u00e1 de embajadora de M\u00e9xico en Grecia.<\/p>\n<p>CORDERO PIDIO LICENCIA, MADERO EL LUNES<\/p>\n<p>Una vez que se public\u00f3 la convocatoria, Ernesto Madero solicit\u00f3 licencia al Senado, para irse de campa\u00f1a en el caso de Madero, ha convocado a una conferencia para el lunes pr\u00f3ximo, en la cual dar\u00e1 a conocer su separaci\u00f3n de la dirigencia, para dedicarse m\u00e1s libremente a su campa\u00f1a. Claro que este proceso generar\u00e1 muchas divisiones, entre los panistas del pa\u00eds por lo pronto quienes apoyaban, a Josefina no saben qu\u00e9 hacer, Ernesto no tiene mucho respaldo, Juan Manuel Oliva un poco m\u00e1s pero no le alcanza y Jos\u00e9 Luis Luege, solamente sue\u00f1a\u00a0 la cuesti\u00f3n es que el panismo ir\u00e1 fragmentado contra Madero, en caso que vaya,\u00a0 si no tiran la toalla antes, ante la solidez de la candidatura de Madero. Ya veremos en Michoac\u00e1n\u00a0 para qu\u00e9 lado jalan, los distinguidos panistas michoacanos.<\/p>\n","protected":false},"excerpt":{"rendered":"<p>\u2022\tLUISA MARIA O SILVANO<br \/>\n\u2022\tHAY LEY DE EDUCACION<br \/>\n\u2022\tLAS MINORIAS RADICALES<br \/>\n\u2022\tLA CNTE Y NORMALISTAS<\/p>\n","protected":false},"author":1,"featured_media":0,"comment_status":"open","ping_status":"open","sticky":false,"template":"","format":"standard","meta":{"footnotes":""},"categories":[4,10],"tags":[],"class_list":["post-5742","post","type-post","status-publish","format-standard","hentry","category-columnistas","category-juan-manuel-belmonte"],"_links":{"self":[{"href":"https:\/\/radiowebmx.com\/nota\/wp-json\/wp\/v2\/posts\/5742","targetHints":{"allow":["GET"]}}],"collection":[{"href":"https:\/\/radiowebmx.com\/nota\/wp-json\/wp\/v2\/posts"}],"about":[{"href":"https:\/\/radiowebmx.com\/nota\/wp-json\/wp\/v2\/types\/post"}],"author":[{"embeddable":true,"href":"https:\/\/radiowebmx.com\/nota\/wp-json\/wp\/v2\/users\/1"}],"replies":[{"embeddable":true,"href":"https:\/\/radiowebmx.com\/nota\/wp-json\/wp\/v2\/comments?post=5742"}],"version-history":[{"count":1,"href":"https:\/\/radiowebmx.com\/nota\/wp-json\/wp\/v2\/posts\/5742\/revisions"}],"predecessor-version":[{"id":5743,"href":"https:\/\/radiowebmx.com\/nota\/wp-json\/wp\/v2\/posts\/5742\/revisions\/5743"}],"wp:attachment":[{"href":"https:\/\/radiowebmx.com\/nota\/wp-json\/wp\/v2\/media?parent=5742"}],"wp:term":[{"taxonomy":"category","embeddable":true,"href":"https:\/\/radiowebmx.com\/nota\/wp-json\/wp\/v2\/categories?post=5742"},{"taxonomy":"post_tag","embeddable":true,"href":"https:\/\/radiowebmx.com\/nota\/wp-json\/wp\/v2\/tags?post=5742"}],"curies":[{"name":"wp","href":"https:\/\/api.w.org\/{rel}","templated":true}]}}