{"id":5735,"date":"2014-02-28T12:29:15","date_gmt":"2014-02-28T18:29:15","guid":{"rendered":"https:\/\/radiowebmx.com\/nota\/?p=5735"},"modified":"2014-02-28T12:29:15","modified_gmt":"2014-02-28T18:29:15","slug":"patzcuaro-y-morelia-i-ganadores-del-segundo-concurso-estatal-de-bandas-de-guerra-y-escoltas-de-bandera","status":"publish","type":"post","link":"https:\/\/radiowebmx.com\/nota\/patzcuaro-y-morelia-i-ganadores-del-segundo-concurso-estatal-de-bandas-de-guerra-y-escoltas-de-bandera\/","title":{"rendered":"P\u00c1TZCUARO Y MORELIA I, GANADORES DEL SEGUNDO CONCURSO ESTATAL DE BANDAS DE GUERRA Y ESCOLTAS DE BANDERA"},"content":{"rendered":"<p><a href=\"https:\/\/radiowebmx.com\/nota\/wp-content\/uploads\/2014\/02\/6-2.jpg\"><img loading=\"lazy\" decoding=\"async\" class=\"alignleft size-full wp-image-5736\" alt=\"6 (2)\" src=\"https:\/\/radiowebmx.com\/nota\/wp-content\/uploads\/2014\/02\/6-2.jpg\" width=\"591\" height=\"320\" \/><\/a>Con gran \u00e9xito se desarroll\u00f3 el Segundo Concurso Estatal de Bandas de Guerra y Escoltas de Bandera, organizado por el Colegio de Educaci\u00f3n Profesional T\u00e9cnica del Estado de Michoac\u00e1n (Conalep), en el que resultaron ganadores los planteles de P\u00e1tzcuaro y Morelia I.<\/p>\n<p>&nbsp;<\/p>\n<p>En el concurso, m\u00e1s de 350 alumnos del subsistema divididos en ocho Bandas de Guerra se disputaron el primer lugar de dicha categor\u00eda, y 13 representantes de planteles buscaron coronarse en la categor\u00eda de Escolta de Bandera.<\/p>\n<p>&nbsp;<\/p>\n<p>Despu\u00e9s de tres horas de concurso, el jurado calificador determin\u00f3 que el primer lugar de la categor\u00eda Bandas de Guerra lo ganara el plantel Morelia I. El segundo lugar del concurso fue para el plantel La Piedad; y el tercer sitio lo ocup\u00f3 el plantel Apatzing\u00e1n.<\/p>\n<p>&nbsp;<\/p>\n<p>En la categor\u00eda Escoltas de Bandera, los tres primeros lugares fueron para los planteles de P\u00e1tzcuaro, Morelia I y Apatzing\u00e1n, respectivamente.<\/p>\n<p>&nbsp;<\/p>\n<p>El director general del Conalep Michoac\u00e1n, Jos\u00e9 Arturo Villase\u00f1or G\u00f3mez explic\u00f3 que entre los puntos a calificar por los jueces estuvieron el pase de revista personal y de instrumentos en el caso de las Bandas de Guerra; as\u00ed como uniformidad de movimientos, coordinaci\u00f3n, cadencia y gallard\u00eda en las Escoltas de Bandera.<\/p>\n<p>&nbsp;<\/p>\n<p>Los tres primeros lugares recibieron un reconocimiento que los acredita como ganadores, y el primer lugar de cada categor\u00eda representar\u00e1 al Conalep Michoac\u00e1n en el Encuentro Nacional para Bandas de Guerra y Escoltas de Bandera, a efectuarse los d\u00edas 11 y 12 de abril en la ciudad de Puebla.<\/p>\n","protected":false},"excerpt":{"rendered":"<p>Con gran \u00e9xito se desarroll\u00f3 el Segundo Concurso Estatal de Bandas de Guerra y Escoltas de Bandera, organizado por el Colegio de Educaci\u00f3n Profesional T\u00e9cnica del Estado de Michoac\u00e1n (Conalep), en el que resultaron ganadores los planteles de P\u00e1tzcuaro y Morelia I.<\/p>\n","protected":false},"author":1,"featured_media":0,"comment_status":"open","ping_status":"open","sticky":false,"template":"","format":"standard","meta":{"footnotes":""},"categories":[14,3],"tags":[],"class_list":["post-5735","post","type-post","status-publish","format-standard","hentry","category-destacadas","category-gobierno-del-estado-de-michoacan"],"_links":{"self":[{"href":"https:\/\/radiowebmx.com\/nota\/wp-json\/wp\/v2\/posts\/5735","targetHints":{"allow":["GET"]}}],"collection":[{"href":"https:\/\/radiowebmx.com\/nota\/wp-json\/wp\/v2\/posts"}],"about":[{"href":"https:\/\/radiowebmx.com\/nota\/wp-json\/wp\/v2\/types\/post"}],"author":[{"embeddable":true,"href":"https:\/\/radiowebmx.com\/nota\/wp-json\/wp\/v2\/users\/1"}],"replies":[{"embeddable":true,"href":"https:\/\/radiowebmx.com\/nota\/wp-json\/wp\/v2\/comments?post=5735"}],"version-history":[{"count":2,"href":"https:\/\/radiowebmx.com\/nota\/wp-json\/wp\/v2\/posts\/5735\/revisions"}],"predecessor-version":[{"id":5738,"href":"https:\/\/radiowebmx.com\/nota\/wp-json\/wp\/v2\/posts\/5735\/revisions\/5738"}],"wp:attachment":[{"href":"https:\/\/radiowebmx.com\/nota\/wp-json\/wp\/v2\/media?parent=5735"}],"wp:term":[{"taxonomy":"category","embeddable":true,"href":"https:\/\/radiowebmx.com\/nota\/wp-json\/wp\/v2\/categories?post=5735"},{"taxonomy":"post_tag","embeddable":true,"href":"https:\/\/radiowebmx.com\/nota\/wp-json\/wp\/v2\/tags?post=5735"}],"curies":[{"name":"wp","href":"https:\/\/api.w.org\/{rel}","templated":true}]}}