{"id":5732,"date":"2014-02-27T12:22:20","date_gmt":"2014-02-27T18:22:20","guid":{"rendered":"https:\/\/radiowebmx.com\/nota\/?p=5732"},"modified":"2014-03-05T11:45:42","modified_gmt":"2014-03-05T17:45:42","slug":"ofrece-secretaria-de-educacion-secundaria-especial-a-personas-con-discapacidad","status":"publish","type":"post","link":"https:\/\/radiowebmx.com\/nota\/ofrece-secretaria-de-educacion-secundaria-especial-a-personas-con-discapacidad\/","title":{"rendered":"OFRECE SECRETAR\u00cdA DE EDUCACI\u00d3N SECUNDARIA ESPECIAL A PERSONAS CON DISCAPACIDAD"},"content":{"rendered":"<p><a href=\"https:\/\/radiowebmx.com\/nota\/wp-content\/uploads\/2014\/02\/4Q4A1788.jpg\"><img loading=\"lazy\" decoding=\"async\" class=\"alignleft size-full wp-image-5733\" alt=\"4Q4A1788\" src=\"https:\/\/radiowebmx.com\/nota\/wp-content\/uploads\/2014\/02\/4Q4A1788.jpg\" width=\"591\" height=\"338\" \/><\/a>La Secretar\u00eda de Educaci\u00f3n en Michoac\u00e1n, a trav\u00e9s de la Subdirecci\u00f3n de Educaci\u00f3n Especial, capacit\u00f3 a personal docente de los Centros de Atenci\u00f3n M\u00faltiple (CAM), para iniciar en estas semanas con el Servicio de Educaci\u00f3n en Secundaria Especial, con 96 adolescentes inscritos.<\/p>\n<p>La capacitaci\u00f3n ofrecida por el equipo t\u00e9cnico pedag\u00f3gico de la Subdirecci\u00f3n de Educaci\u00f3n Especial, representa la respuesta a una exigencia social de ofrecer una formaci\u00f3n educativa e inclusiva, que permite cumplir con lo estipulado en ofrecer una educaci\u00f3n para todos y con calidad.<\/p>\n<p>V\u00edctor Hugo Mena, subdirector de Educaci\u00f3n Especial, manifest\u00f3 que inici\u00f3 el servicio y capacitaci\u00f3n en 10 CAM, ubicados en Ciudad Hidalgo, Zamora, Zit\u00e1cuaro y 3 ubicados en Morelia, con la posibilidad de ampliar la oferta a los mil 476 alumnos que hay en los 46 CAM del estado.<\/p>\n<p>Los Centros de Atenci\u00f3n M\u00faltiple tiene una oferta formativa desde educaci\u00f3n Inicial, Preescolar, Primaria y ahora en estos 10 espacios ofrecer\u00e1 Secundaria Especial con el personal que ya est\u00e1 en servicio, ya es gente con experiencia. El equipo lo conforman director, psic\u00f3logo, maestro de grupo, maestro de lenguaje y maestro de taller.<\/p>\n<p>Actualmente la mayor poblaci\u00f3n atendida en estos Centros de Atenci\u00f3n M\u00faltiple es la de discapacidad intelectual, seguida de motriz y otros tipos de alteraciones.<\/p>\n<p>Los grupos ya est\u00e1n integrados para atender a los alumnos a trav\u00e9s de campos formativos y no por materias como se otorga en una secundaria regular, ya que la intensi\u00f3n es impulsar competencias para la vida, lo que permite que el estudiante pueda continuar sus estudios de nivel medio superior o se integre al \u00e1rea de formaci\u00f3n laboral que ofrece el mismo CAM.<\/p>\n<p>La capacitaci\u00f3n contempla el modelo de atenci\u00f3n, el modelo curricular y de intervenci\u00f3n asesora, que lo otorgar\u00e1 el psic\u00f3logo, el personal tutor, as\u00ed como la parte t\u00e9cnico administrativa.<\/p>\n<p>Los cerca de 100 alumnos que iniciaron en estos d\u00edas la Secundaria especial, representa el cumplimiento a la demanda existente, ya que la condici\u00f3n para que cubran Secundaria Especial es que hayan cursado Primaria Especial. La poblaci\u00f3n atendida en Primaria Regular contin\u00faa su formaci\u00f3n en Secundaria Regular, desde donde personal de Educaci\u00f3n Especial da continuidad a las personas con discapacidad a trav\u00e9s de las Unidades de Servicio de Apoyo a la Educaci\u00f3n Regular (USAER).<\/p>\n<p>Actualmente en Michoac\u00e1n se atienden a cerca de 15 mil estudiantes atendidos, es decir alrededor de 20 por ciento de la poblaci\u00f3n que requiere educaci\u00f3n especial con edad de cursar la educaci\u00f3n b\u00e1sica; el resto de la poblaci\u00f3n est\u00e1 en comunidades que carecen del servicio pero que est\u00e1n proyectadas para crecer, como regi\u00f3n de Tierra Caliente.<\/p>\n<p>El subdirector destac\u00f3 que el INEGI establece que 126 mil personas con discapacidad en Michoac\u00e1n, sin embargo, de esa poblaci\u00f3n a la Subdirecci\u00f3n de Educaci\u00f3n Especial le corresponde atender a la poblaci\u00f3n de nivel B\u00e1sica, es decir desde los 45 d\u00edas de nacido hasta 20 a\u00f1os.<\/p>\n<p>En\u00a0 este ciclo escolar se incrementar\u00e1 el Servicio de Educaci\u00f3n Especial con 5 USAER en Tierra Caliente.<\/p>\n<p>&nbsp;<\/p>\n<p>&nbsp;<\/p>\n","protected":false},"excerpt":{"rendered":"<p>La Secretar\u00eda de Educaci\u00f3n en Michoac\u00e1n, a trav\u00e9s de la Subdirecci\u00f3n de Educaci\u00f3n Especial, capacit\u00f3 a personal docente de los Centros de Atenci\u00f3n M\u00faltiple (CAM), para iniciar en estas semanas con el Servicio de Educaci\u00f3n en Secundaria Especial, con 96 adolescentes inscritos.<\/p>\n","protected":false},"author":1,"featured_media":0,"comment_status":"open","ping_status":"open","sticky":false,"template":"","format":"standard","meta":{"footnotes":""},"categories":[14,3],"tags":[],"class_list":["post-5732","post","type-post","status-publish","format-standard","hentry","category-destacadas","category-gobierno-del-estado-de-michoacan"],"_links":{"self":[{"href":"https:\/\/radiowebmx.com\/nota\/wp-json\/wp\/v2\/posts\/5732","targetHints":{"allow":["GET"]}}],"collection":[{"href":"https:\/\/radiowebmx.com\/nota\/wp-json\/wp\/v2\/posts"}],"about":[{"href":"https:\/\/radiowebmx.com\/nota\/wp-json\/wp\/v2\/types\/post"}],"author":[{"embeddable":true,"href":"https:\/\/radiowebmx.com\/nota\/wp-json\/wp\/v2\/users\/1"}],"replies":[{"embeddable":true,"href":"https:\/\/radiowebmx.com\/nota\/wp-json\/wp\/v2\/comments?post=5732"}],"version-history":[{"count":3,"href":"https:\/\/radiowebmx.com\/nota\/wp-json\/wp\/v2\/posts\/5732\/revisions"}],"predecessor-version":[{"id":5871,"href":"https:\/\/radiowebmx.com\/nota\/wp-json\/wp\/v2\/posts\/5732\/revisions\/5871"}],"wp:attachment":[{"href":"https:\/\/radiowebmx.com\/nota\/wp-json\/wp\/v2\/media?parent=5732"}],"wp:term":[{"taxonomy":"category","embeddable":true,"href":"https:\/\/radiowebmx.com\/nota\/wp-json\/wp\/v2\/categories?post=5732"},{"taxonomy":"post_tag","embeddable":true,"href":"https:\/\/radiowebmx.com\/nota\/wp-json\/wp\/v2\/tags?post=5732"}],"curies":[{"name":"wp","href":"https:\/\/api.w.org\/{rel}","templated":true}]}}