{"id":57295,"date":"2018-10-12T13:26:14","date_gmt":"2018-10-12T18:26:14","guid":{"rendered":"https:\/\/radiowebmx.com\/nota\/?p=57295"},"modified":"2018-10-12T13:26:14","modified_gmt":"2018-10-12T18:26:14","slug":"cuauhtemoc-cardenas-recipiendario-de-la-presea-constitucion-de-apatzingan","status":"publish","type":"post","link":"https:\/\/radiowebmx.com\/nota\/cuauhtemoc-cardenas-recipiendario-de-la-presea-constitucion-de-apatzingan\/","title":{"rendered":"Cuauht\u00e9moc C\u00e1rdenas, recipiendario de la presea \u201cConstituci\u00f3n de Apatzing\u00e1n"},"content":{"rendered":"<p class=\"x_MsoNormal\"><b>Morelia; Michoac\u00e1n, 11<a name=\"x__GoBack\"><\/a>deoctubrede 2018<\/b>.-El Pleno del Congreso del Estado aprob\u00f3 por unanimidad, designar como recipiendario de la Condecoraci\u00f3n \u201cConstituci\u00f3n de Apatzing\u00e1n\u201d, al Ing. Cuauht\u00e9moc C\u00e1rdenas Sol\u00f3rzano, la cual ser\u00e1 entregada en el pr\u00f3xima Sesi\u00f3n Solemne el d\u00eda 22 de octubre en la ciudad de Apatzing\u00e1n a las 9:00 horas.<\/p>\n<p class=\"x_MsoNormal\">Los diputados Alfredo Ram\u00edrez Bedolla, Adri\u00e1n L\u00f3pez Sol\u00eds, Eduardo Orihuela Estefan, Brenda Fabiola Fraga, Ernesto N\u00fa\u00f1ez y Antonio Salas Valencia, integrantes de la misma, en el dictamen presentado en sesi\u00f3n ordinaria establecieron que la condecoraci\u00f3n en menci\u00f3n representa un alto homenaje a los constituyentes de Apatzing\u00e1n, que abonaron a la construcci\u00f3n de un Estado Mexicano, que contempl\u00f3 las garant\u00edas del hombre, hoy derechos humanos.<\/p>\n<p class=\"x_MsoNormal\">Cabe destacar, que la designaci\u00f3n fue parte del proceso legislativo que inici\u00f3 con la emisi\u00f3n de la convocatoria p\u00fablica para recibir propuestas de ciudadanas, ciudadanos o de instituciones que se distingan por su aportaci\u00f3n a la consolidaci\u00f3n, fortalecimiento, promoci\u00f3n o defensa de los derechos humanos.<\/p>\n<p class=\"x_MsoNormal\">Una vez concluido el plazo para la recepci\u00f3n de propuestas, la Secretar\u00eda de Servicios Parlamentarios turn\u00f3 a la Junta de Coordinaci\u00f3n Pol\u00edtica de la Septuag\u00e9sima Cuarta Legislatura, la \u00fanica propuesta hecha por la diputada Sandra Luz Valencia, en favor del Ing. Cuauht\u00e9moc C\u00e1rdenas Sol\u00f3rzano.<\/p>\n<p class=\"x_MsoNormal\">En ese sentido, se determin\u00f3 condecorar al Ing. Cuauht\u00e9moc C\u00e1rdenas Sol\u00f3rzano, en virtud de que cumple con todos los requisitos que marca la convocatoria, quien adem\u00e1s se ha distinguido por ser un hombre \u00edntegro, luchador incansable por la democratizaci\u00f3n de nuestro estado, aunado a que sigue contribuyendo al fortalecimiento, promoci\u00f3n, consolidaci\u00f3n de manera positiva a los Derechos Humanos de la Rep\u00fablica Mexicana.<\/p>\n<p class=\"x_MsoNormal\" align=\"center\"><b>Habilitan recinto oficial<\/b><\/p>\n<p class=\"x_MsoNormal\">Previamente, el Pleno aprob\u00f3 el dictamen presentado por la Junta de Coordinaci\u00f3n Pol\u00edtica mediante el cual se habilita como recinto oficial la explanada del Palacio Municipal en la Ciudad de Apatzing\u00e1n, con la finalidad de celebrar Sesi\u00f3n Solemne el d\u00eda lunes 22 de octubre en conmemoraci\u00f3n del 204 Aniversario del Decreto Constitucional para la Libertad de la Am\u00e9rica Mexicana.<\/p>\n","protected":false},"excerpt":{"rendered":"<p>Morelia; Michoac\u00e1n, 11deoctubrede 2018.-El Pleno del Congreso del Estado aprob\u00f3 por unanimidad, designar como recipiendario de la Condecoraci\u00f3n \u201cConstituci\u00f3n de Apatzing\u00e1n\u201d, al Ing. Cuauht\u00e9moc C\u00e1rdenas Sol\u00f3rzano, la cual ser\u00e1 entregada en el pr\u00f3xima Sesi\u00f3n Solemne el d\u00eda 22 de octubre en la ciudad de Apatzing\u00e1n a las 9:00 horas. Los diputados Alfredo Ram\u00edrez Bedolla, Adri\u00e1n [&hellip;]<\/p>\n","protected":false},"author":2,"featured_media":57296,"comment_status":"closed","ping_status":"closed","sticky":false,"template":"","format":"standard","meta":{"footnotes":""},"categories":[6],"tags":[],"class_list":["post-57295","post","type-post","status-publish","format-standard","has-post-thumbnail","hentry","category-congreso-del-estado"],"_links":{"self":[{"href":"https:\/\/radiowebmx.com\/nota\/wp-json\/wp\/v2\/posts\/57295","targetHints":{"allow":["GET"]}}],"collection":[{"href":"https:\/\/radiowebmx.com\/nota\/wp-json\/wp\/v2\/posts"}],"about":[{"href":"https:\/\/radiowebmx.com\/nota\/wp-json\/wp\/v2\/types\/post"}],"author":[{"embeddable":true,"href":"https:\/\/radiowebmx.com\/nota\/wp-json\/wp\/v2\/users\/2"}],"replies":[{"embeddable":true,"href":"https:\/\/radiowebmx.com\/nota\/wp-json\/wp\/v2\/comments?post=57295"}],"version-history":[{"count":1,"href":"https:\/\/radiowebmx.com\/nota\/wp-json\/wp\/v2\/posts\/57295\/revisions"}],"predecessor-version":[{"id":57297,"href":"https:\/\/radiowebmx.com\/nota\/wp-json\/wp\/v2\/posts\/57295\/revisions\/57297"}],"wp:featuredmedia":[{"embeddable":true,"href":"https:\/\/radiowebmx.com\/nota\/wp-json\/wp\/v2\/media\/57296"}],"wp:attachment":[{"href":"https:\/\/radiowebmx.com\/nota\/wp-json\/wp\/v2\/media?parent=57295"}],"wp:term":[{"taxonomy":"category","embeddable":true,"href":"https:\/\/radiowebmx.com\/nota\/wp-json\/wp\/v2\/categories?post=57295"},{"taxonomy":"post_tag","embeddable":true,"href":"https:\/\/radiowebmx.com\/nota\/wp-json\/wp\/v2\/tags?post=57295"}],"curies":[{"name":"wp","href":"https:\/\/api.w.org\/{rel}","templated":true}]}}