{"id":57292,"date":"2018-10-12T13:08:04","date_gmt":"2018-10-12T18:08:04","guid":{"rendered":"https:\/\/radiowebmx.com\/nota\/?p=57292"},"modified":"2018-10-12T13:08:04","modified_gmt":"2018-10-12T18:08:04","slug":"congreso-aprueba-convocatoria-para-eleccion-de-fiscal-general","status":"publish","type":"post","link":"https:\/\/radiowebmx.com\/nota\/congreso-aprueba-convocatoria-para-eleccion-de-fiscal-general\/","title":{"rendered":"Congreso aprueba convocatoria para elecci\u00f3n de Fiscal General"},"content":{"rendered":"<p class=\"x_MsoNormal\"><b>Morelia; Michoac\u00e1n, 11 de octubrede 2018<\/b>.-El Pleno de la LXXIV Legislatura aprob\u00f3 la Convocatoria para la elecci\u00f3n del Fiscal General del Estado de Michoac\u00e1n, por un periodo de 9 a\u00f1os, sin posibilidad de reelecci\u00f3n.<\/p>\n<p class=\"x_MsoNormal\">La convocatoria ser\u00e1 publicada durante un periodo de noventa d\u00edas naturales en la p\u00e1gina de Internet del Congreso local, una vez agotado este, deber\u00e1 publicarse en el Peri\u00f3dico Oficial del Gobierno Constitucional del Estado, terminado el plazo de publicaci\u00f3n en la p\u00e1gina oficial, los aspirantes tendr\u00e1n cinco d\u00edas h\u00e1biles inmediatos para realizar la solicitud de registro y la documentaci\u00f3n establecida en la convocatoria.<\/p>\n<p class=\"x_MsoNormal\">Entre los requisitos establecidos se encuentra: ser ciudadano mexicano; tener cuando menos 35 a\u00f1os cumplidos; contar con residencia en el Estado de Michoac\u00e1n al menos de tres a\u00f1os al d\u00eda de su designaci\u00f3n; contar con una antig\u00fcedad de 10 a\u00f1os en el ejercicio y tener t\u00edtulo profesional de licenciado en derecho.<\/p>\n<p class=\"x_MsoNormal\">Adem\u00e1s, deber\u00e1n presentar su curriculum vitae; carta bajo protesta de decir verdad, en la que manifiesta que no se encuentra sujeto a procedimiento de responsabilidad, suspendido o privado en el ejercicio de sus derechos civiles o pol\u00edticos.<\/p>\n<p class=\"x_MsoNormal\">La solicitud de registro y documentaci\u00f3n se recibir\u00e1n en la oficina de la Presidencia de la Mesa Directiva del Congreso del Estado, durante los 5 d\u00edas h\u00e1biles inmediatos posteriores al vencimiento del plazo de publicaci\u00f3n en la p\u00e1gina de internet del Congreso del Estado, ubicada en Avenida Francisco I. Madero n\u00famero 97, Zona centro, C.P. 58000, Morelia, Michoac\u00e1n, en el horario comprendido de 9:00 a 15:00 horas y de 18:00 a 20:00 horas, de lunes a viernes.<\/p>\n<p class=\"x_MsoNormal\">Agotado el plazo para el registro de aspirantes, las comisiones unidas de Justicia y de Gobernaci\u00f3n llamar\u00e1n a comparecer a los aspirantes a efecto de exponer su proyecto de trabajo y experiencia en materia de procuraci\u00f3n de justicia.<\/p>\n<p class=\"x_MsoNormal\">Posteriormente, propondr\u00e1n una lista con 10 aspirantes que cumplan con los requisitos constitucionales para someterla a votaci\u00f3n del Pleno del Congreso del Estado y, una vez aprobada, ser\u00e1 enviada al Titular del Ejecutivo del Estado, quien seleccionar\u00e1 una terna que pasar\u00e1 directo a valoraci\u00f3n del Pleno.<\/p>\n<p class=\"x_MsoNormal\">\n","protected":false},"excerpt":{"rendered":"<p>Morelia; Michoac\u00e1n, 11 de octubrede 2018.-El Pleno de la LXXIV Legislatura aprob\u00f3 la Convocatoria para la elecci\u00f3n del Fiscal General del Estado de Michoac\u00e1n, por un periodo de 9 a\u00f1os, sin posibilidad de reelecci\u00f3n. La convocatoria ser\u00e1 publicada durante un periodo de noventa d\u00edas naturales en la p\u00e1gina de Internet del Congreso local, una vez [&hellip;]<\/p>\n","protected":false},"author":2,"featured_media":57293,"comment_status":"closed","ping_status":"closed","sticky":false,"template":"","format":"standard","meta":{"footnotes":""},"categories":[6],"tags":[],"class_list":["post-57292","post","type-post","status-publish","format-standard","has-post-thumbnail","hentry","category-congreso-del-estado"],"_links":{"self":[{"href":"https:\/\/radiowebmx.com\/nota\/wp-json\/wp\/v2\/posts\/57292","targetHints":{"allow":["GET"]}}],"collection":[{"href":"https:\/\/radiowebmx.com\/nota\/wp-json\/wp\/v2\/posts"}],"about":[{"href":"https:\/\/radiowebmx.com\/nota\/wp-json\/wp\/v2\/types\/post"}],"author":[{"embeddable":true,"href":"https:\/\/radiowebmx.com\/nota\/wp-json\/wp\/v2\/users\/2"}],"replies":[{"embeddable":true,"href":"https:\/\/radiowebmx.com\/nota\/wp-json\/wp\/v2\/comments?post=57292"}],"version-history":[{"count":1,"href":"https:\/\/radiowebmx.com\/nota\/wp-json\/wp\/v2\/posts\/57292\/revisions"}],"predecessor-version":[{"id":57294,"href":"https:\/\/radiowebmx.com\/nota\/wp-json\/wp\/v2\/posts\/57292\/revisions\/57294"}],"wp:featuredmedia":[{"embeddable":true,"href":"https:\/\/radiowebmx.com\/nota\/wp-json\/wp\/v2\/media\/57293"}],"wp:attachment":[{"href":"https:\/\/radiowebmx.com\/nota\/wp-json\/wp\/v2\/media?parent=57292"}],"wp:term":[{"taxonomy":"category","embeddable":true,"href":"https:\/\/radiowebmx.com\/nota\/wp-json\/wp\/v2\/categories?post=57292"},{"taxonomy":"post_tag","embeddable":true,"href":"https:\/\/radiowebmx.com\/nota\/wp-json\/wp\/v2\/tags?post=57292"}],"curies":[{"name":"wp","href":"https:\/\/api.w.org\/{rel}","templated":true}]}}