{"id":5728,"date":"2014-02-26T13:08:43","date_gmt":"2014-02-26T19:08:43","guid":{"rendered":"https:\/\/radiowebmx.com\/nota\/?p=5728"},"modified":"2014-02-26T13:08:43","modified_gmt":"2014-02-26T19:08:43","slug":"en-accion-coordinada-pgje-y-ssp-liberan-a-profesionista-secuestrado","status":"publish","type":"post","link":"https:\/\/radiowebmx.com\/nota\/en-accion-coordinada-pgje-y-ssp-liberan-a-profesionista-secuestrado\/","title":{"rendered":"En acci\u00f3n coordinada PGJE y SSP liberan a profesionista secuestrado"},"content":{"rendered":"<p><a href=\"https:\/\/radiowebmx.com\/nota\/wp-content\/uploads\/2014\/02\/Armas-aseguradas..jpg\"><img loading=\"lazy\" decoding=\"async\" class=\"alignleft size-full wp-image-5729\" alt=\"Armas aseguradas.\" src=\"https:\/\/radiowebmx.com\/nota\/wp-content\/uploads\/2014\/02\/Armas-aseguradas..jpg\" width=\"591\" height=\"451\" \/><\/a>Trabajos de investigaci\u00f3n e inteligencia realizados por la Procuradur\u00eda General de Justicia del Estado, en coordinaci\u00f3n con la Secretar\u00eda de Seguridad P\u00fablica, permitieron rescatar sano y salvo a un profesionista que fue secuestrado la semana pasada en c\u00e9ntrica zona de esta capital. Durante el operativo policial se registr\u00f3 un enfrentamiento donde un plagiario muri\u00f3 y otro probable responsable m\u00e1s fue asegurado por el personal ministerial.<\/p>\n<p>De acuerdo a las constancias que obran en la indagatoria correspondiente, el ahora occiso, Cruz Alberto \u00c1valos \u00c1lvarez, de 31 a\u00f1os de edad, y Eduardo Emmer Cruz, de 34 a\u00f1os, se encuentran relacionados en una averiguaci\u00f3n previa penal, por el delito\u00a0 de secuestro cometido en agravio de un joven de 27 a\u00f1os de edad.<\/p>\n<p>Con respecto a los hechos, se precis\u00f3 que el pasado d\u00eda 18 de febrero del a\u00f1o en curso, el profesionista estaba en las inmediaciones de un conocido establecimiento comercial ubicado en la calle Manuel Mu\u00f1iz de la zona centro de esta capital, cuando fue sorprendido por dos individuos que lo amagaron con armas de fuego y mediante el uso de la fuerza, lo hicieron abordar un veh\u00edculo compacto, color blanco, en el que se retiraron del lugar.<\/p>\n<p>Horas m\u00e1s tarde, los plagiarios entablaron contacto con familiares del ofendido, a quienes les exigieron una cuantiosa suma de dinero a cambio de su libertad; tras algunos d\u00edas de negociaciones, aceptaron el pago de una parte del monto del rescate, mismo que deb\u00eda ser entregado en la avenida H\u00e9roes de Nocup\u00e9taro, frente a la antigua Central de Autobuses.<\/p>\n<p>Gracias al apoyo y acompa\u00f1amiento que brind\u00f3 a los denunciantes la Direcci\u00f3n de Antisecuestros y Extorsiones de la PGJE, aproximadamente a las 20:40 horas de ayer se implement\u00f3 un operativo que permiti\u00f3 sorprender a Cruz Alberto \u00c1valos en los momentos que se apoderaba del recurso monetario exigido; sin embargo, al verse descubierto accion\u00f3 un arma de fuego en contra de los agentes, quienes repelieron la agresi\u00f3n.<\/p>\n<p>De igual forma se inici\u00f3 una persecuci\u00f3n al conductor de un autom\u00f3vil Impala que esperaba a Cruz Alberto, pero al darse cuenta de lo sucedido, emprendi\u00f3 la huida y simult\u00e1neamente hizo disparos de arma de fuego contra los elementos ministeriales.<\/p>\n<p>Cruz Alberto, quien result\u00f3 herido por proyectil de arma de fuego, dej\u00f3 de existir cuando era atendido en un nosocomio particular, en tanto que Eduardo Emmer Cruz, condujo al personal ministerial hasta su domicilio, ubicado en la colonia Felipe Carrillo Puerto, lugar donde fue localizado el profesionista, quien se encontraba maniatado y con los pies engrilletados. All\u00ed mismo estaba el autom\u00f3vil que fue utilizado para cometer el secuestro.<\/p>\n<p>Eduardo Emmer Cruz y dos armas de fuego que fueron aseguradas en el lugar, \u00a0as\u00ed como dos veh\u00edculos, fueros puestos a disposici\u00f3n del agente del Ministerio P\u00fablico Especializado de la Direcci\u00f3n de Antisecuestros y Extorsiones, mismo que habr\u00e1 de definir la situaci\u00f3n jur\u00eddica del requerido.<\/p>\n<p>Personal ministerial contin\u00faa con las indagaciones, a efecto de conocer la identidad de otras personas que participaron en el plagio y determinar si Cruz Alberto \u00c1valos y Eduardo Emmer, quienes eran elementos de la Polic\u00eda Estatal Preventiva, est\u00e1n relacionados en otros hechos delictuosos similares.<\/p>\n<p>Cabe hacer menci\u00f3n que en\u00a0 la Colonia Industrial donde tuvo lugar la operaci\u00f3n de pago de rescate, una persona del\u00a0 sexo femenino perdi\u00f3 la vida a consecuencia de una herida por proyectil de arma de fuego que recibi\u00f3 circunstancialmente.<\/p>\n<p>Aun cuando hay testimonios que refieren que los inculpados hicieron disparos al tratar de huir, se dispuso que tambi\u00e9n las armas de fuego que fueron accionadas por los agentes ministeriales, fueran presentadas ante la agencia del Ministerio P\u00fablico, a fin de que se realicen las pruebas de bal\u00edstica correspondientes y se deslinden responsabilidades.<\/p>\n<p>Con estas acciones, la Procuradur\u00eda General de Justicia y la Secretar\u00eda de Seguridad P\u00fablica, patentizan su compromiso de mantener con firmeza las actividades emprendidas desde el pasado 16 de enero para cerrar el paso a los grupos criminales que han atentado contra la tranquilidad de los michoacanos.<\/p>\n<p>Asimismo, se reitera que ning\u00fan acto delictivo quedar\u00e1 impune y como ya ha quedado demostrado con este hecho, se proceder\u00e1 con todo el rigor de la ley contra cualquier servidor p\u00fablico que abandone los principios de lealtad, honestidad y disciplina, en perjuicio de la ciudadan\u00eda a la que brinda su servicio.<\/p>\n","protected":false},"excerpt":{"rendered":"<p>Trabajos de investigaci\u00f3n e inteligencia realizados por la Procuradur\u00eda General de Justicia del Estado, en coordinaci\u00f3n con la Secretar\u00eda de Seguridad P\u00fablica, permitieron rescatar sano y salvo a un profesionista que fue secuestrado la semana pasada en c\u00e9ntrica zona de esta capital.<\/p>\n","protected":false},"author":1,"featured_media":0,"comment_status":"open","ping_status":"open","sticky":false,"template":"","format":"standard","meta":{"footnotes":""},"categories":[14,3],"tags":[],"class_list":["post-5728","post","type-post","status-publish","format-standard","hentry","category-destacadas","category-gobierno-del-estado-de-michoacan"],"_links":{"self":[{"href":"https:\/\/radiowebmx.com\/nota\/wp-json\/wp\/v2\/posts\/5728","targetHints":{"allow":["GET"]}}],"collection":[{"href":"https:\/\/radiowebmx.com\/nota\/wp-json\/wp\/v2\/posts"}],"about":[{"href":"https:\/\/radiowebmx.com\/nota\/wp-json\/wp\/v2\/types\/post"}],"author":[{"embeddable":true,"href":"https:\/\/radiowebmx.com\/nota\/wp-json\/wp\/v2\/users\/1"}],"replies":[{"embeddable":true,"href":"https:\/\/radiowebmx.com\/nota\/wp-json\/wp\/v2\/comments?post=5728"}],"version-history":[{"count":1,"href":"https:\/\/radiowebmx.com\/nota\/wp-json\/wp\/v2\/posts\/5728\/revisions"}],"predecessor-version":[{"id":5730,"href":"https:\/\/radiowebmx.com\/nota\/wp-json\/wp\/v2\/posts\/5728\/revisions\/5730"}],"wp:attachment":[{"href":"https:\/\/radiowebmx.com\/nota\/wp-json\/wp\/v2\/media?parent=5728"}],"wp:term":[{"taxonomy":"category","embeddable":true,"href":"https:\/\/radiowebmx.com\/nota\/wp-json\/wp\/v2\/categories?post=5728"},{"taxonomy":"post_tag","embeddable":true,"href":"https:\/\/radiowebmx.com\/nota\/wp-json\/wp\/v2\/tags?post=5728"}],"curies":[{"name":"wp","href":"https:\/\/api.w.org\/{rel}","templated":true}]}}