{"id":57241,"date":"2018-10-11T18:03:20","date_gmt":"2018-10-11T23:03:20","guid":{"rendered":"https:\/\/radiowebmx.com\/nota\/?p=57241"},"modified":"2018-10-11T18:03:20","modified_gmt":"2018-10-11T23:03:20","slug":"vergonzoso-e-inadmisible-que-michoacan-sea-la-tercera-entidad-peor-evaluada-por-el-imco-alfredo-ramirez","status":"publish","type":"post","link":"https:\/\/radiowebmx.com\/nota\/vergonzoso-e-inadmisible-que-michoacan-sea-la-tercera-entidad-peor-evaluada-por-el-imco-alfredo-ramirez\/","title":{"rendered":"Vergonzoso e inadmisible, que Michoac\u00e1n sea la tercera entidad peor evaluada por el IMCO: Alfredo Ram\u00edrez"},"content":{"rendered":"<p class=\"x_gmail-MsoListParagraph\">\u00b7\u00a0\u00a0\u00a0\u00a0\u00a0\u00a0\u00a0\u00a0\u00a0<i>Las medidas de austeridad del Ejecutivo son letra muerta; Secretar\u00eda de Finanzas debe informar sobre el ahorro real en el gasto<\/i><\/p>\n<p class=\"x_MsoNormal\">\n<p class=\"x_MsoNormal\"><b>Morelia; Michoac\u00e1n, 10 de octubre de 2018<\/b>.- En el \u00cdndice de Informaci\u00f3n del Ejercicio del Gasto (IIEG 2018), Michoac\u00e1n ocupa la posici\u00f3n 30 a nivel nacional en cuanto al cumplimiento de la Ley General de Contabilidad<\/p>\n<p>&nbsp;<\/p>\n<p><a href=\"https:\/\/radiowebmx.com\/nota\/wp-content\/uploads\/2018\/10\/Comunicado-127-2.jpeg\"><img loading=\"lazy\" decoding=\"async\" class=\"alignnone size-medium wp-image-57243\" src=\"https:\/\/radiowebmx.com\/nota\/wp-content\/uploads\/2018\/10\/Comunicado-127-2-595x397.jpeg\" alt=\"\" width=\"595\" height=\"397\" srcset=\"https:\/\/radiowebmx.com\/nota\/wp-content\/uploads\/2018\/10\/Comunicado-127-2-595x397.jpeg 595w, https:\/\/radiowebmx.com\/nota\/wp-content\/uploads\/2018\/10\/Comunicado-127-2-768x512.jpeg 768w, https:\/\/radiowebmx.com\/nota\/wp-content\/uploads\/2018\/10\/Comunicado-127-2-960x640.jpeg 960w, https:\/\/radiowebmx.com\/nota\/wp-content\/uploads\/2018\/10\/Comunicado-127-2-272x182.jpeg 272w, https:\/\/radiowebmx.com\/nota\/wp-content\/uploads\/2018\/10\/Comunicado-127-2.jpeg 1280w\" sizes=\"auto, (max-width: 595px) 100vw, 595px\" \/><\/a><\/p>\n<p>&nbsp;<\/p>\n<p class=\"x_MsoNormal\">Gubernamental, lo que revela un grave rezago del Gobierno del Estado en la implementaci\u00f3n de mecanismos de transparencia, rendici\u00f3n de cuentas, y disciplina presupuestaria contenidos en dicho marco legislativo, afirm\u00f3 el diputado de Morena Alfredo Ram\u00edrez Bedolla.<\/p>\n<p class=\"x_MsoNormal\">Se\u00f1al\u00f3 que estudios independientes, como el IIEG 2018 elaborado por el Instituto Mexicano para la Competitividad (IMCO), arrojan indicadores que deben ser tomados en cuenta y valorados no s\u00f3lo para mejorar pr\u00e1cticas en la administraci\u00f3n p\u00fablica, tambi\u00e9n para fortalecer la confianza de los ciudadanos en las instituciones con una rendici\u00f3n de cuentas clara y veraz.<\/p>\n<p class=\"x_MsoNormal\">Seg\u00fan an\u00e1lisis del IMCO, en el ejercicio fiscal 2017 el Gobierno de Michoac\u00e1n obtuvo 14% m\u00e1s ingresos respecto a los estimados originalmente; es decir, un excedente de 8.7 mil millones de pesos. Sin embargo, tambi\u00e9n gast\u00f3 10 mil millones de pesos m\u00e1s que el presupuesto aprobado por el Congreso del Estado.<\/p>\n<p class=\"x_MsoNormal\">El Coordinador del Grupo Parlamentario de Morena en el Congreso del Estado, asever\u00f3 que el Poder Legislativo debe reforzar su facultad fiscalizadora y de contrapeso al Ejecutivo para tener mayor control sobre el libre ejercicio de los recursos excedentes y la modificaci\u00f3n de las partidas presupuestales, con el prop\u00f3sito de evitar el gasto discrecional del erario y garantizar que los recursos sean destinados al objetivo para el cual fueron aprobados.<\/p>\n<p class=\"x_MsoNormal\">El IIEG 2018, puntualiz\u00f3 Alfredo Ram\u00edrez, demuestra tambi\u00e9n que las \u201cmedidas de austeridad\u201d anunciadas por Gobierno del Estado son letra muerta, ya que el estudio se\u00f1ala un aumento de 22% en el gasto burocr\u00e1tico, de 60% m\u00e1s en combustibles, y aumento de 79% en servicios b\u00e1sicos.<\/p>\n<p class=\"x_MsoNormal\">A\u00f1adi\u00f3 que propondr\u00e1 a la bancada de Morena impulsar la solicitud de que el Secretario de Finanzas y Administraci\u00f3n, Carlos Maldonado Mendoza, ofrezca al Congreso del Estado un informe puntual del ejercicio presupuestal 2018, previo al inicio de los trabajos para el an\u00e1lisis, discusi\u00f3n y aprobaci\u00f3n del paquete econ\u00f3mico 2019.<\/p>\n","protected":false},"excerpt":{"rendered":"<p>\u00b7\u00a0\u00a0\u00a0\u00a0\u00a0\u00a0\u00a0\u00a0\u00a0Las medidas de austeridad del Ejecutivo son letra muerta; Secretar\u00eda de Finanzas debe informar sobre el ahorro real en el gasto Morelia; Michoac\u00e1n, 10 de octubre de 2018.- En el \u00cdndice de Informaci\u00f3n del Ejercicio del Gasto (IIEG 2018), Michoac\u00e1n ocupa la posici\u00f3n 30 a nivel nacional en cuanto al cumplimiento de la Ley General [&hellip;]<\/p>\n","protected":false},"author":2,"featured_media":57242,"comment_status":"closed","ping_status":"closed","sticky":false,"template":"","format":"standard","meta":{"footnotes":""},"categories":[6],"tags":[],"class_list":["post-57241","post","type-post","status-publish","format-standard","has-post-thumbnail","hentry","category-congreso-del-estado"],"_links":{"self":[{"href":"https:\/\/radiowebmx.com\/nota\/wp-json\/wp\/v2\/posts\/57241","targetHints":{"allow":["GET"]}}],"collection":[{"href":"https:\/\/radiowebmx.com\/nota\/wp-json\/wp\/v2\/posts"}],"about":[{"href":"https:\/\/radiowebmx.com\/nota\/wp-json\/wp\/v2\/types\/post"}],"author":[{"embeddable":true,"href":"https:\/\/radiowebmx.com\/nota\/wp-json\/wp\/v2\/users\/2"}],"replies":[{"embeddable":true,"href":"https:\/\/radiowebmx.com\/nota\/wp-json\/wp\/v2\/comments?post=57241"}],"version-history":[{"count":1,"href":"https:\/\/radiowebmx.com\/nota\/wp-json\/wp\/v2\/posts\/57241\/revisions"}],"predecessor-version":[{"id":57244,"href":"https:\/\/radiowebmx.com\/nota\/wp-json\/wp\/v2\/posts\/57241\/revisions\/57244"}],"wp:featuredmedia":[{"embeddable":true,"href":"https:\/\/radiowebmx.com\/nota\/wp-json\/wp\/v2\/media\/57242"}],"wp:attachment":[{"href":"https:\/\/radiowebmx.com\/nota\/wp-json\/wp\/v2\/media?parent=57241"}],"wp:term":[{"taxonomy":"category","embeddable":true,"href":"https:\/\/radiowebmx.com\/nota\/wp-json\/wp\/v2\/categories?post=57241"},{"taxonomy":"post_tag","embeddable":true,"href":"https:\/\/radiowebmx.com\/nota\/wp-json\/wp\/v2\/tags?post=57241"}],"curies":[{"name":"wp","href":"https:\/\/api.w.org\/{rel}","templated":true}]}}