{"id":57233,"date":"2018-10-11T17:56:58","date_gmt":"2018-10-11T22:56:58","guid":{"rendered":"https:\/\/radiowebmx.com\/nota\/?p=57233"},"modified":"2018-10-11T17:56:58","modified_gmt":"2018-10-11T22:56:58","slug":"alcanzar-la-igualdad-de-genero-prioridad-de-la-lxxiv-legislatura-salas-valencia","status":"publish","type":"post","link":"https:\/\/radiowebmx.com\/nota\/alcanzar-la-igualdad-de-genero-prioridad-de-la-lxxiv-legislatura-salas-valencia\/","title":{"rendered":"Alcanzar la igualdad de g\u00e9nero, prioridad de la LXXIV Legislatura: Salas Valencia"},"content":{"rendered":"<p class=\"x_MsoNormal\"><b>Morelia; Michoac\u00e1n, 10 de octubre de 2018<\/b>.-\u00a0Uno de los temas prioritarios para la LXXIV Legislatura ser\u00e1 la procuraci\u00f3n de la justicia, en particular en la protecci\u00f3n y atenci\u00f3n de grupos vulnerables, ya que de manera desafortunada aun sigue existiendo una brecha muy grande para alcanzar una verdadera igualdad de g\u00e9nero, asever\u00f3 el diputado Antonio Salas Valencia, presidente de la Mesa Directiva del Congreso del Estado, en el marco de la Octava Sesi\u00f3n del Sistema Estatal para Prevenir, Atender, Sancionar y Erradicar la Violencia contra las Mujeres por Razones de G\u00e9nero.<\/p>\n<p>&nbsp;<\/p>\n<p><a href=\"https:\/\/radiowebmx.com\/nota\/wp-content\/uploads\/2018\/10\/Comunicado-125-1.jpg\"><img loading=\"lazy\" decoding=\"async\" class=\"alignnone size-medium wp-image-57234\" src=\"https:\/\/radiowebmx.com\/nota\/wp-content\/uploads\/2018\/10\/Comunicado-125-1-595x396.jpg\" alt=\"\" width=\"595\" height=\"396\" srcset=\"https:\/\/radiowebmx.com\/nota\/wp-content\/uploads\/2018\/10\/Comunicado-125-1-595x396.jpg 595w, https:\/\/radiowebmx.com\/nota\/wp-content\/uploads\/2018\/10\/Comunicado-125-1-768x511.jpg 768w, https:\/\/radiowebmx.com\/nota\/wp-content\/uploads\/2018\/10\/Comunicado-125-1-960x638.jpg 960w, https:\/\/radiowebmx.com\/nota\/wp-content\/uploads\/2018\/10\/Comunicado-125-1-272x182.jpg 272w\" sizes=\"auto, (max-width: 595px) 100vw, 595px\" \/><\/a><\/p>\n<p>&nbsp;<\/p>\n<p class=\"x_MsoNormal\">En torno al anunci\u00f3 que hiciera el mandatario estatal de enviar una iniciativa al Poder Legislativo en la materia, el legislador dijo que estar\u00e1n a la espera de que llegue el proyecto para poder analizar, discutir y dictaminar dentro de las comisiones competentes.<\/p>\n<p class=\"x_MsoNormal\">Precis\u00f3 que se buscar\u00e1 fortalecer el marco normativo para que las personas infractoras de delitos en materia de violencia contra las mujeres reciban mayores sanciones, y con ello erradicar la impunidad y la incidencia delictiva que de manera desafortunada ha incrementado en el \u00faltimo a\u00f1o, a pesar que fue hace dos a\u00f1os que se implement\u00f3 en el estado la Alerta de Violencia de G\u00e9nero (AVG).<\/p>\n<p class=\"x_MsoNormal\">Asimismo, destac\u00f3 que en su momento se revisar\u00e1 el tema presupuestal para etiquetar mayores recursos a programas para la prevenci\u00f3n, atenci\u00f3n y erradicaci\u00f3n de la violencia en el estado, se buscar\u00e1 la forma de redireccionar recursos para un tema que lacera a la sociedad michoacana.<\/p>\n<p class=\"x_MsoNormal\">De igual forma, manifest\u00f3 que todos los trabajos en la materia ser\u00e1n debidamente encabezados por la Comisi\u00f3n de Igualdad de G\u00e9nero en el Congreso del Estado, que preside la diputada Lucila Mart\u00ednez Manr\u00edquez, e integran Araceli Saucedo Reyes y Zenaida Salvador Br\u00edgido, y debidamente analizados y avalados por el Pleno del Poder Legislativo.<\/p>\n","protected":false},"excerpt":{"rendered":"<p>Morelia; Michoac\u00e1n, 10 de octubre de 2018.-\u00a0Uno de los temas prioritarios para la LXXIV Legislatura ser\u00e1 la procuraci\u00f3n de la justicia, en particular en la protecci\u00f3n y atenci\u00f3n de grupos vulnerables, ya que de manera desafortunada aun sigue existiendo una brecha muy grande para alcanzar una verdadera igualdad de g\u00e9nero, asever\u00f3 el diputado Antonio Salas [&hellip;]<\/p>\n","protected":false},"author":2,"featured_media":57235,"comment_status":"closed","ping_status":"closed","sticky":false,"template":"","format":"standard","meta":{"footnotes":""},"categories":[6],"tags":[],"class_list":["post-57233","post","type-post","status-publish","format-standard","has-post-thumbnail","hentry","category-congreso-del-estado"],"_links":{"self":[{"href":"https:\/\/radiowebmx.com\/nota\/wp-json\/wp\/v2\/posts\/57233","targetHints":{"allow":["GET"]}}],"collection":[{"href":"https:\/\/radiowebmx.com\/nota\/wp-json\/wp\/v2\/posts"}],"about":[{"href":"https:\/\/radiowebmx.com\/nota\/wp-json\/wp\/v2\/types\/post"}],"author":[{"embeddable":true,"href":"https:\/\/radiowebmx.com\/nota\/wp-json\/wp\/v2\/users\/2"}],"replies":[{"embeddable":true,"href":"https:\/\/radiowebmx.com\/nota\/wp-json\/wp\/v2\/comments?post=57233"}],"version-history":[{"count":1,"href":"https:\/\/radiowebmx.com\/nota\/wp-json\/wp\/v2\/posts\/57233\/revisions"}],"predecessor-version":[{"id":57236,"href":"https:\/\/radiowebmx.com\/nota\/wp-json\/wp\/v2\/posts\/57233\/revisions\/57236"}],"wp:featuredmedia":[{"embeddable":true,"href":"https:\/\/radiowebmx.com\/nota\/wp-json\/wp\/v2\/media\/57235"}],"wp:attachment":[{"href":"https:\/\/radiowebmx.com\/nota\/wp-json\/wp\/v2\/media?parent=57233"}],"wp:term":[{"taxonomy":"category","embeddable":true,"href":"https:\/\/radiowebmx.com\/nota\/wp-json\/wp\/v2\/categories?post=57233"},{"taxonomy":"post_tag","embeddable":true,"href":"https:\/\/radiowebmx.com\/nota\/wp-json\/wp\/v2\/tags?post=57233"}],"curies":[{"name":"wp","href":"https:\/\/api.w.org\/{rel}","templated":true}]}}