{"id":57203,"date":"2018-10-10T10:35:20","date_gmt":"2018-10-10T15:35:20","guid":{"rendered":"https:\/\/radiowebmx.com\/nota\/?p=57203"},"modified":"2018-10-10T10:35:20","modified_gmt":"2018-10-10T15:35:20","slug":"la-ciencia-y-la-innovacion-tecnologicas-seran-determinantes-del-desarrollo-integral-sustentable-de-michoacan-laura-granados","status":"publish","type":"post","link":"https:\/\/radiowebmx.com\/nota\/la-ciencia-y-la-innovacion-tecnologicas-seran-determinantes-del-desarrollo-integral-sustentable-de-michoacan-laura-granados\/","title":{"rendered":"La ciencia y la innovaci\u00f3n tecnol\u00f3gicas ser\u00e1n determinantes del desarrollo integral sustentable de Michoac\u00e1n: Laura Granados"},"content":{"rendered":"<p>Morelia, Michoac\u00e1n, M\u00e9xico, 9 de octubre de 2018.- La ciencia y la innovaci\u00f3n tecnol\u00f3gica ser\u00e1n los dos instrumentos m\u00e1s valiosos para atender y proponer soluciones a los problemas que hoy dificultan el desarrollo integral sustentable de Michoac\u00e1n, sostuvo la diputada Laura Granados Beltr\u00e1n al recibir formalmente esta d\u00eda la responsabilidad de atender la Comisi\u00f3n de Ciencia, Tecnolog\u00eda e Innovaci\u00f3n del Congreso del Estado de Michoac\u00e1n.<\/p>\n<p>No obstante la importancia de la generaci\u00f3n de nuevos conocimientos cient\u00edficos y su aplicaci\u00f3n pr\u00e1ctica en la creaci\u00f3n de tecnolog\u00edas, en Michoac\u00e1n este \u00e1mbito no se ha potenciado de la forma correcta y prueba de ello es que al recibir la documentaci\u00f3n generada por esta comisi\u00f3n durante la Septuag\u00e9sima Tercera Legislatura del Congreso, solo se entregaron copias de documentos de tr\u00e1nsito y archivo, sin nada realmente significativo.<\/p>\n<p>Laura Granados fue contundente: En materia de ciencia e innovaci\u00f3n tecnolog\u00eda pr\u00e1cticamente se partir\u00e1 de cero, lo que significa una gran oportunidad no solo para MORENA, partido que preside esta comisi\u00f3n legislativa, sino para sus compa\u00f1eros los diputados Eduardo Orihuela del PRI y Jos\u00e9 Antonio Salas del PAN, con quienes trabajar\u00e1 para que estas esferas del conocimientos realmente sean determinante en la soluci\u00f3n de aspectos pr\u00e1cticos reales que hoy est\u00e1n convertidos en problemas.<\/p>\n<p>Por ejemplo, dijo que la ciencia puede generar los conocimientos te\u00f3ricos y sus confirmaciones pr\u00e1cticas hacia el desarrollo de nuevas tecnolog\u00edas que permitan enfrentar el problema del suministro de agua potable, no solo en la disposici\u00f3n adecuada de aguas residuales para evitar la contaminaci\u00f3n o en sistemas de re\u00faso para potenciar el recurso, sino en circunstancias muy concretas como la infiltraci\u00f3n para abastecimiento de mantos fre\u00e1ticos, la cosecha de agua en zonas de baja precipitaci\u00f3n pluvial o incluso en el desarrollo de sistemas de reforestaci\u00f3n adecuados para propiciar el mejor funcionamiento h\u00eddrico de las zonas de recarga.<\/p>\n<p>Una de las primeras acciones ser\u00e1 realizar encuentros con las \u00e1reas de investigaci\u00f3n y de estudios de posgrado de instituciones de educaci\u00f3n superior de Michoac\u00e1n, para establecer criterios que permitan armonizar el marco jur\u00eddico y las tareas de promoci\u00f3n de la ciencia, la tecnolog\u00eda e innovaci\u00f3n en instituciones educativos, centros de investigaci\u00f3n y dependencias del ejecutivo tanto de orden federal como estatal y municipal.<\/p>\n<p>Laura Granados dijo tambi\u00e9n que algunas de los asuntos que son responsabilidad de esta Comisi\u00f3n de Ciencia, Tecnolog\u00eda e Innovaci\u00f3n del Congreso del Estado de Michoac\u00e1n se relacionan con la creaci\u00f3n de instituciones cient\u00edficas y tecnol\u00f3gicas que son competencia del estado y la expedici\u00f3n, reformas y adiciones a leyes locales en la materia.<br \/>\nEs competencia de la comisi\u00f3n, adem\u00e1s, revisar los planes estatales de desarrollo en ciencia, tecnolog\u00eda e innovaci\u00f3n del Gobierno de Michoac\u00e1n. As\u00ed tambi\u00e9n, intervenir en la entidad.<br \/>\nEsta tarea \u201c\u2026 la emprenderemos con la firme convicci\u00f3n de alentar la investigaci\u00f3n cient\u00edfica y la innovaci\u00f3n tecnol\u00f3gica porque en Michoac\u00e1n hay talento desaprovechado\u201d, sentenci\u00f3 Granados Beltr\u00e1n, al se\u00f1alar que tendr\u00e1 que revisarse el \u00e1mbito legislativo para considerar nuevos apoyos que alienten a los j\u00f3venes con intereses muy marcados por la ciencia y la tecnolog\u00eda y por supuesto para favorecer a los acad\u00e9micos probados, que incursionan en estas \u00e1reas.<\/p>\n","protected":false},"excerpt":{"rendered":"<p>Morelia, Michoac\u00e1n, M\u00e9xico, 9 de octubre de 2018.- La ciencia y la innovaci\u00f3n tecnol\u00f3gica ser\u00e1n los dos instrumentos m\u00e1s valiosos para atender y proponer soluciones a los problemas que hoy dificultan el desarrollo integral sustentable de Michoac\u00e1n, sostuvo la diputada Laura Granados Beltr\u00e1n al recibir formalmente esta d\u00eda la responsabilidad de atender la Comisi\u00f3n de [&hellip;]<\/p>\n","protected":false},"author":2,"featured_media":57204,"comment_status":"closed","ping_status":"closed","sticky":false,"template":"","format":"standard","meta":{"footnotes":""},"categories":[6],"tags":[],"class_list":["post-57203","post","type-post","status-publish","format-standard","has-post-thumbnail","hentry","category-congreso-del-estado"],"_links":{"self":[{"href":"https:\/\/radiowebmx.com\/nota\/wp-json\/wp\/v2\/posts\/57203","targetHints":{"allow":["GET"]}}],"collection":[{"href":"https:\/\/radiowebmx.com\/nota\/wp-json\/wp\/v2\/posts"}],"about":[{"href":"https:\/\/radiowebmx.com\/nota\/wp-json\/wp\/v2\/types\/post"}],"author":[{"embeddable":true,"href":"https:\/\/radiowebmx.com\/nota\/wp-json\/wp\/v2\/users\/2"}],"replies":[{"embeddable":true,"href":"https:\/\/radiowebmx.com\/nota\/wp-json\/wp\/v2\/comments?post=57203"}],"version-history":[{"count":1,"href":"https:\/\/radiowebmx.com\/nota\/wp-json\/wp\/v2\/posts\/57203\/revisions"}],"predecessor-version":[{"id":57205,"href":"https:\/\/radiowebmx.com\/nota\/wp-json\/wp\/v2\/posts\/57203\/revisions\/57205"}],"wp:featuredmedia":[{"embeddable":true,"href":"https:\/\/radiowebmx.com\/nota\/wp-json\/wp\/v2\/media\/57204"}],"wp:attachment":[{"href":"https:\/\/radiowebmx.com\/nota\/wp-json\/wp\/v2\/media?parent=57203"}],"wp:term":[{"taxonomy":"category","embeddable":true,"href":"https:\/\/radiowebmx.com\/nota\/wp-json\/wp\/v2\/categories?post=57203"},{"taxonomy":"post_tag","embeddable":true,"href":"https:\/\/radiowebmx.com\/nota\/wp-json\/wp\/v2\/tags?post=57203"}],"curies":[{"name":"wp","href":"https:\/\/api.w.org\/{rel}","templated":true}]}}