{"id":57192,"date":"2018-10-10T10:28:49","date_gmt":"2018-10-10T15:28:49","guid":{"rendered":"https:\/\/radiowebmx.com\/nota\/?p=57192"},"modified":"2018-10-10T10:28:49","modified_gmt":"2018-10-10T15:28:49","slug":"llama-araceli-saucedo-a-no-escatimar-esfuerzos-para-que-michoacan-tenga-mas-pueblos-magicos","status":"publish","type":"post","link":"https:\/\/radiowebmx.com\/nota\/llama-araceli-saucedo-a-no-escatimar-esfuerzos-para-que-michoacan-tenga-mas-pueblos-magicos\/","title":{"rendered":"Llama Araceli Saucedo a no escatimar esfuerzos para que Michoac\u00e1n tenga m\u00e1s Pueblos M\u00e1gicos"},"content":{"rendered":"<p class=\"x_MsoNormal\"><b>Morelia; Michoac\u00e1n, 09 de octubre de 2018<\/b>.-\u00a0La importancia tur\u00edstica de Michoac\u00e1n no tiene lugar a dudas en el \u00e1mbito nacional, tanto que ser\u00e1 en Morelia en donde se realice la V Feria Nacional de Pueblos M\u00e1gicos 2018, afirm\u00f3 la presidenta de la Comisi\u00f3n de Turismo en el Congreso del Estado, Araceli Saucedo Reyes.<\/p>\n<p class=\"x_MsoNormal\">\n<p><a href=\"https:\/\/radiowebmx.com\/nota\/wp-content\/uploads\/2018\/10\/Comunicado-122.2-2.jpg\"><img loading=\"lazy\" decoding=\"async\" class=\"alignnone  wp-image-57193\" src=\"https:\/\/radiowebmx.com\/nota\/wp-content\/uploads\/2018\/10\/Comunicado-122.2-2-595x397.jpg\" alt=\"\" width=\"400\" height=\"267\" srcset=\"https:\/\/radiowebmx.com\/nota\/wp-content\/uploads\/2018\/10\/Comunicado-122.2-2-595x397.jpg 595w, https:\/\/radiowebmx.com\/nota\/wp-content\/uploads\/2018\/10\/Comunicado-122.2-2-768x512.jpg 768w, https:\/\/radiowebmx.com\/nota\/wp-content\/uploads\/2018\/10\/Comunicado-122.2-2.jpg 960w, https:\/\/radiowebmx.com\/nota\/wp-content\/uploads\/2018\/10\/Comunicado-122.2-2-272x182.jpg 272w\" sizes=\"auto, (max-width: 400px) 100vw, 400px\" \/><\/a><\/p>\n<p class=\"x_MsoNormal\">\n<p class=\"x_MsoNormal\">La diputada local por el Distrito de P\u00e1tzcuaro resalt\u00f3 que el valor de la entidad, en materia tur\u00edstica, no puede ser escatimado, por lo que se debe dar el reconocimiento con esta denominaci\u00f3n a los municipios de Tingambato, Paracho, Chilchota y a la tenencia de Capula \u2013perteneciente al municipio de Morelia- los cuales son candidatos para ser nuevos Pueblo M\u00e1gico.<\/p>\n<p class=\"x_MsoNormal\">\n<p class=\"x_MsoNormal\">En ese contexto, conf\u00edo en que en el marco de la V Feria Nacional de Pueblos M\u00e1gicos 2018, que se llevar\u00e1 a cabo del 11 al 14 de octubre en Morelia, pueda considerarse a los municipios michoacanos que est\u00e1n solicitando esta distinci\u00f3n, los cuales cumplen con los requisitos; adem\u00e1s dijo que la entidad cuenta con una gran tradici\u00f3n cultural y riqueza.<\/p>\n<p class=\"x_MsoNormal\">\n<p class=\"x_MsoNormal\">Detall\u00f3 que este evento, en el que se tendr\u00e1 presencia de los 111 Pueblos M\u00e1gicos del pa\u00eds, se proyecta que generare una importante derrama econ\u00f3mica a la capital del estado, adem\u00e1s de que es una oportunidad para promover los atractivos tur\u00edsticos que se tienen en el territorio michoacano.<\/p>\n<p class=\"x_MsoNormal\">\n<p class=\"x_MsoNormal\">En ese sentido, como Presidenta de la Comisi\u00f3n de Turismo en la LXXIV Legislatura Local, manifest\u00f3 su apoyo y respaldo a las acciones que contribuyan a generar el fortalecimiento e impulso de este sector, que es clave para el crecimiento de Michoac\u00e1n.<\/p>\n<p class=\"x_MsoNormal\">\n<p class=\"x_MsoNormal\">Araceli Saucedo record\u00f3 que su Distrito de P\u00e1tzcuaro es pieza clave en el sector tur\u00edstico, ya que est\u00e1n situados tres de los ocho Pueblos M\u00e1gicos que hay en el estado: P\u00e1tzcuaro, Salvador Escalante y Tzintzuntzan.<\/p>\n<p class=\"x_MsoNormal\">\n<p class=\"x_MsoNormal\">A su vez, reconoci\u00f3 los esfuerzos que en Michoac\u00e1n se han realizado para impulsar a este sector, dando a conocer las riquezas naturales, culturales, hist\u00f3ricas, gastron\u00f3micas y recreativas que se tienen.<\/p>\n<p class=\"x_MsoNormal\">\n<p class=\"x_MsoNormal\">\u201cLos Pueblos M\u00e1gicos son un atractivo para propios y paseantes, adem\u00e1s de que los mismos pueden acceder a recursos para el impulso de cada lugar con esta distinci\u00f3n, lo genera una derrama econ\u00f3mica importante y la generaci\u00f3n de fuentes de empleo\u201d, sostuvo.<\/p>\n<p class=\"x_MsoNormal\">\n<p class=\"x_MsoNormal\">Desde el Congreso del Estado, la diputada perredista a\u00f1adi\u00f3 que los Pueblos M\u00e1gicos de Michoac\u00e1n tendr\u00e1n todo su respaldo, a fin de trabajar de manera coordinada en materia legislativa en la preservaci\u00f3n de quienes cuentan con este nombramiento y para empujar a los que est\u00e1n a la espera de que se les d\u00e9 dicha denominaci\u00f3n.<\/p>\n","protected":false},"excerpt":{"rendered":"<p>Morelia; Michoac\u00e1n, 09 de octubre de 2018.-\u00a0La importancia tur\u00edstica de Michoac\u00e1n no tiene lugar a dudas en el \u00e1mbito nacional, tanto que ser\u00e1 en Morelia en donde se realice la V Feria Nacional de Pueblos M\u00e1gicos 2018, afirm\u00f3 la presidenta de la Comisi\u00f3n de Turismo en el Congreso del Estado, Araceli Saucedo Reyes. La diputada [&hellip;]<\/p>\n","protected":false},"author":2,"featured_media":57194,"comment_status":"closed","ping_status":"closed","sticky":false,"template":"","format":"standard","meta":{"footnotes":""},"categories":[6,14],"tags":[],"class_list":["post-57192","post","type-post","status-publish","format-standard","has-post-thumbnail","hentry","category-congreso-del-estado","category-destacadas"],"_links":{"self":[{"href":"https:\/\/radiowebmx.com\/nota\/wp-json\/wp\/v2\/posts\/57192","targetHints":{"allow":["GET"]}}],"collection":[{"href":"https:\/\/radiowebmx.com\/nota\/wp-json\/wp\/v2\/posts"}],"about":[{"href":"https:\/\/radiowebmx.com\/nota\/wp-json\/wp\/v2\/types\/post"}],"author":[{"embeddable":true,"href":"https:\/\/radiowebmx.com\/nota\/wp-json\/wp\/v2\/users\/2"}],"replies":[{"embeddable":true,"href":"https:\/\/radiowebmx.com\/nota\/wp-json\/wp\/v2\/comments?post=57192"}],"version-history":[{"count":1,"href":"https:\/\/radiowebmx.com\/nota\/wp-json\/wp\/v2\/posts\/57192\/revisions"}],"predecessor-version":[{"id":57195,"href":"https:\/\/radiowebmx.com\/nota\/wp-json\/wp\/v2\/posts\/57192\/revisions\/57195"}],"wp:featuredmedia":[{"embeddable":true,"href":"https:\/\/radiowebmx.com\/nota\/wp-json\/wp\/v2\/media\/57194"}],"wp:attachment":[{"href":"https:\/\/radiowebmx.com\/nota\/wp-json\/wp\/v2\/media?parent=57192"}],"wp:term":[{"taxonomy":"category","embeddable":true,"href":"https:\/\/radiowebmx.com\/nota\/wp-json\/wp\/v2\/categories?post=57192"},{"taxonomy":"post_tag","embeddable":true,"href":"https:\/\/radiowebmx.com\/nota\/wp-json\/wp\/v2\/tags?post=57192"}],"curies":[{"name":"wp","href":"https:\/\/api.w.org\/{rel}","templated":true}]}}