{"id":5719,"date":"2014-02-26T11:57:44","date_gmt":"2014-02-26T17:57:44","guid":{"rendered":"https:\/\/radiowebmx.com\/nota\/?p=5719"},"modified":"2014-02-26T11:57:44","modified_gmt":"2014-02-26T17:57:44","slug":"semujer-se-suma-a-la-campana-naranja-de-la-onu","status":"publish","type":"post","link":"https:\/\/radiowebmx.com\/nota\/semujer-se-suma-a-la-campana-naranja-de-la-onu\/","title":{"rendered":"SEMUJER SE SUMA A LA CAMPA\u00d1A NARANJA DE LA ONU"},"content":{"rendered":"<p><a href=\"https:\/\/radiowebmx.com\/nota\/wp-content\/uploads\/2014\/02\/4.jpg\"><img loading=\"lazy\" decoding=\"async\" class=\"alignleft size-full wp-image-5720\" alt=\"4\" src=\"https:\/\/radiowebmx.com\/nota\/wp-content\/uploads\/2014\/02\/4.jpg\" width=\"591\" height=\"413\" \/><\/a>La Secretar\u00eda de la Mujer (Semujer) se suma a la Campa\u00f1a Naranja de la Organizaci\u00f3n de las Naciones Unidas (ONU) \u201c\u00danete para poner fin a la violencia contra las mujeres\u201d,\u00a0la cual invita a la poblaci\u00f3n a usar una prenda, un detalle o un s\u00edmbolo\u00a0 de color naranja el 25 de cada mes como una forma de manifestarse en contra de la violencia que se ejerce hacia la poblaci\u00f3n femenina.<\/p>\n<p>Este 25 de febrero es el segundo D\u00eda Naranja del a\u00f1o que a nivel mundial se realiza, la dependencia estatal al igual que el Instituto Nacional de las Mujeres (Inmujeres), invitan a las y los ciudadanos a participar activamente en la Campa\u00f1a Naranja.<\/p>\n<p>De acuerdo a informaci\u00f3n del Inmujeres, la estrategia del D\u00eda Naranja es una iniciativa multianual impulsada por el secretario general de la ONU, Ban Ki-moon, \u00a0encaminada a prevenir y eliminar la violencia contra las mujeres y las ni\u00f1as en todo el mundo.<\/p>\n<p>La secretaria de la Mujer, Consuelo Muro Urista, precis\u00f3 que el 25 de noviembre se conmemora el D\u00eda Internacional de la Eliminaci\u00f3n de la Violencia contra las Mujeres, y que mediante la Campa\u00f1a Naranja se invita a la poblaci\u00f3n a vestir una prenda o usar un detalle de dicho color el 25 de cada mes con el fin de que todo el a\u00f1o se cree conciencia respecto de la violencia que se ejerce hacia la poblaci\u00f3n femenina.<\/p>\n<p>\u201cInvitamos a las instituciones gubernamentales, organizaciones de la sociedad civil, a toda la poblaci\u00f3n a sumarse a esta iniciativa, recordemos que en M\u00e9xico el 46.1 por ciento de las mujeres de 15 a\u00f1os y m\u00e1s han padecido alg\u00fan tipo de violencia, ya sea psicol\u00f3gica, econ\u00f3mica, f\u00edsica o sexual, requerimos sumar esfuerzos y continuar trabajando arduamente para lograr terminar con este flagelo que aqueja a todos los pa\u00edses\u201d, se\u00f1al\u00f3 la funcionaria.<\/p>\n<p>La Secretar\u00eda de la Mujer, hace una invitaci\u00f3n a las y los michoacanos a participar activamente en la Campa\u00f1a Naranja, para mayor informaci\u00f3n puedes visitar la p\u00e1gina de Facebook: \u00danete Latinoam\u00e9rica y el Caribe. Todas y todos nos unimos para eliminar la violencia contra las mujeres y las\u00a0 ni\u00f1as en el mundo.<\/p>\n<p>&nbsp;<\/p>\n<p>&nbsp;<\/p>\n","protected":false},"excerpt":{"rendered":"<p>La Secretar\u00eda de la Mujer (Semujer) se suma a la Campa\u00f1a Naranja de la Organizaci\u00f3n de las Naciones Unidas (ONU) \u201c\u00danete para poner fin a la violencia contra las mujeres\u201d, <\/p>\n","protected":false},"author":1,"featured_media":0,"comment_status":"open","ping_status":"open","sticky":false,"template":"","format":"standard","meta":{"footnotes":""},"categories":[14,3],"tags":[],"class_list":["post-5719","post","type-post","status-publish","format-standard","hentry","category-destacadas","category-gobierno-del-estado-de-michoacan"],"_links":{"self":[{"href":"https:\/\/radiowebmx.com\/nota\/wp-json\/wp\/v2\/posts\/5719","targetHints":{"allow":["GET"]}}],"collection":[{"href":"https:\/\/radiowebmx.com\/nota\/wp-json\/wp\/v2\/posts"}],"about":[{"href":"https:\/\/radiowebmx.com\/nota\/wp-json\/wp\/v2\/types\/post"}],"author":[{"embeddable":true,"href":"https:\/\/radiowebmx.com\/nota\/wp-json\/wp\/v2\/users\/1"}],"replies":[{"embeddable":true,"href":"https:\/\/radiowebmx.com\/nota\/wp-json\/wp\/v2\/comments?post=5719"}],"version-history":[{"count":2,"href":"https:\/\/radiowebmx.com\/nota\/wp-json\/wp\/v2\/posts\/5719\/revisions"}],"predecessor-version":[{"id":5722,"href":"https:\/\/radiowebmx.com\/nota\/wp-json\/wp\/v2\/posts\/5719\/revisions\/5722"}],"wp:attachment":[{"href":"https:\/\/radiowebmx.com\/nota\/wp-json\/wp\/v2\/media?parent=5719"}],"wp:term":[{"taxonomy":"category","embeddable":true,"href":"https:\/\/radiowebmx.com\/nota\/wp-json\/wp\/v2\/categories?post=5719"},{"taxonomy":"post_tag","embeddable":true,"href":"https:\/\/radiowebmx.com\/nota\/wp-json\/wp\/v2\/tags?post=5719"}],"curies":[{"name":"wp","href":"https:\/\/api.w.org\/{rel}","templated":true}]}}