{"id":57187,"date":"2018-10-09T21:18:30","date_gmt":"2018-10-10T02:18:30","guid":{"rendered":"https:\/\/radiowebmx.com\/nota\/?p=57187"},"modified":"2018-10-09T21:19:05","modified_gmt":"2018-10-10T02:19:05","slug":"la-intolerancia-y-las-agresiones-a-periodistas-deben-tener-un-freno-amipac","status":"publish","type":"post","link":"https:\/\/radiowebmx.com\/nota\/la-intolerancia-y-las-agresiones-a-periodistas-deben-tener-un-freno-amipac\/","title":{"rendered":"LA INTOLERANCIA Y LAS AGRESIONES A PERIODISTAS DEBEN TENER UN FRENO: AMIPAC"},"content":{"rendered":"<p>\u2022 Solidaridad y apoyo a los compa\u00f1eros periodistas Daniela Flores, Jos\u00e9 Luis Alejo y personal administrativo de la estaci\u00f3n de radio\u2022 Solidaridad y apoyo a los compa\u00f1eros periodistas Daniela Flores, Jos\u00e9 Luis Alejo y personal administrativo de la estaci\u00f3n de radio<\/p>\n<p><a href=\"https:\/\/radiowebmx.com\/nota\/wp-content\/uploads\/2018\/10\/WhatsApp-Image-2018-10-09-at-8.05.27-PM.jpeg\"><img loading=\"lazy\" decoding=\"async\" class=\"alignnone  wp-image-57189\" src=\"https:\/\/radiowebmx.com\/nota\/wp-content\/uploads\/2018\/10\/WhatsApp-Image-2018-10-09-at-8.05.27-PM-595x416.jpeg\" alt=\"\" width=\"402\" height=\"281\" srcset=\"https:\/\/radiowebmx.com\/nota\/wp-content\/uploads\/2018\/10\/WhatsApp-Image-2018-10-09-at-8.05.27-PM-595x416.jpeg 595w, https:\/\/radiowebmx.com\/nota\/wp-content\/uploads\/2018\/10\/WhatsApp-Image-2018-10-09-at-8.05.27-PM-768x537.jpeg 768w, https:\/\/radiowebmx.com\/nota\/wp-content\/uploads\/2018\/10\/WhatsApp-Image-2018-10-09-at-8.05.27-PM-960x671.jpeg 960w, https:\/\/radiowebmx.com\/nota\/wp-content\/uploads\/2018\/10\/WhatsApp-Image-2018-10-09-at-8.05.27-PM.jpeg 1280w\" sizes=\"auto, (max-width: 402px) 100vw, 402px\" \/><\/a><\/p>\n<p>MORELIA, MICH, a 09 de Octubre de 2018.,- Ante el asalto a la cabina del Noticiero \u201cLa Z Noticias\u201d y las agresiones verbales a los periodistas Daniela Flores y Jos\u00e9 Luis Alejo Castillo por parte de integrantes del Frente Nacional de Lucha por el Sindicalismo (FNLS), la Asociaci\u00f3n Michoacana de Periodista A. C. (AMIPAC), hace una en\u00e9rgica protesta y exige que en el marco de las leyes, las autoridades correspondientes otorguen mayores garant\u00eda de seguridad al desempe\u00f1o period\u00edstico.No puede seguir ocurriendo lo de la ma\u00f1ana de este martes 09 de octubre en el centro de la capital de Michoac\u00e1n, cuando integrantes del FNLS con la cara cubierta y armados con palos, irrumpieron violenta y agresivamente en las instalaciones de la radiodifusora La Z, exigiendo por la fuerza el derecho de r\u00e9plica a una publicaci\u00f3n sobre su movimiento y plant\u00f3n que mantienen en la explanada de la Plaza Melchor Ocampo.\u00a0Resulta inaudito que el FNLS adopte este tipo de medidas, cuando es de todos conocido que el noticiero de referencia como el resto de programas en las estaciones de radio y otros medios, otorgan sin excusas los derechos de r\u00e9plicas sin necesidad de provocar y\/o llegar a los extremos de acciones vand\u00e1licas, violentas y agresivas como la que escenificaron con intolerancia y prepotencia.Basta de este tipo de acciones y vaya todo el apoyo y solidaridad a los compa\u00f1eros periodistas y a la estaci\u00f3n de radio que se vio afectada porque destruyeron \u201ca palos\u201d una c\u00e1mara de vigilancia.Porque no vivimos en el marco de la ley de la selva.Porque creemos en las leyes e instituciones.No m\u00e1s violencia en contra del quehacer period\u00edstico y reporteros.#BastaDeViolenciaContraPeriodistas<\/p>\n<p>&nbsp;<\/p>\n<p>ATENTAMENTE\u00c1LVARO GARC\u00cdA PINEDAPRESIDENTE AMIPAC 2018-2019<\/p>\n","protected":false},"excerpt":{"rendered":"<p>\u2022 Solidaridad y apoyo a los compa\u00f1eros periodistas Daniela Flores, Jos\u00e9 Luis Alejo y personal administrativo de la estaci\u00f3n de radio\u2022 Solidaridad y apoyo a los compa\u00f1eros periodistas Daniela Flores, Jos\u00e9 Luis Alejo y personal administrativo de la estaci\u00f3n de radio MORELIA, MICH, a 09 de Octubre de 2018.,- Ante el asalto a la cabina [&hellip;]<\/p>\n","protected":false},"author":2,"featured_media":57189,"comment_status":"closed","ping_status":"closed","sticky":false,"template":"","format":"standard","meta":{"footnotes":""},"categories":[14],"tags":[],"class_list":["post-57187","post","type-post","status-publish","format-standard","has-post-thumbnail","hentry","category-destacadas"],"_links":{"self":[{"href":"https:\/\/radiowebmx.com\/nota\/wp-json\/wp\/v2\/posts\/57187","targetHints":{"allow":["GET"]}}],"collection":[{"href":"https:\/\/radiowebmx.com\/nota\/wp-json\/wp\/v2\/posts"}],"about":[{"href":"https:\/\/radiowebmx.com\/nota\/wp-json\/wp\/v2\/types\/post"}],"author":[{"embeddable":true,"href":"https:\/\/radiowebmx.com\/nota\/wp-json\/wp\/v2\/users\/2"}],"replies":[{"embeddable":true,"href":"https:\/\/radiowebmx.com\/nota\/wp-json\/wp\/v2\/comments?post=57187"}],"version-history":[{"count":2,"href":"https:\/\/radiowebmx.com\/nota\/wp-json\/wp\/v2\/posts\/57187\/revisions"}],"predecessor-version":[{"id":57191,"href":"https:\/\/radiowebmx.com\/nota\/wp-json\/wp\/v2\/posts\/57187\/revisions\/57191"}],"wp:featuredmedia":[{"embeddable":true,"href":"https:\/\/radiowebmx.com\/nota\/wp-json\/wp\/v2\/media\/57189"}],"wp:attachment":[{"href":"https:\/\/radiowebmx.com\/nota\/wp-json\/wp\/v2\/media?parent=57187"}],"wp:term":[{"taxonomy":"category","embeddable":true,"href":"https:\/\/radiowebmx.com\/nota\/wp-json\/wp\/v2\/categories?post=57187"},{"taxonomy":"post_tag","embeddable":true,"href":"https:\/\/radiowebmx.com\/nota\/wp-json\/wp\/v2\/tags?post=57187"}],"curies":[{"name":"wp","href":"https:\/\/api.w.org\/{rel}","templated":true}]}}