{"id":57183,"date":"2018-10-09T17:57:01","date_gmt":"2018-10-09T22:57:01","guid":{"rendered":"https:\/\/radiowebmx.com\/nota\/?p=57183"},"modified":"2018-10-09T17:57:01","modified_gmt":"2018-10-09T22:57:01","slug":"impulsa-eduardo-orihuela-iniciativa-ciudadana-para-promocion-de-la-constitucion","status":"publish","type":"post","link":"https:\/\/radiowebmx.com\/nota\/impulsa-eduardo-orihuela-iniciativa-ciudadana-para-promocion-de-la-constitucion\/","title":{"rendered":"Impulsa Eduardo Orihuela iniciativa ciudadana para promoci\u00f3n de la Constituci\u00f3n"},"content":{"rendered":"<p class=\"x_MsoNormal\"><b>Morelia; Michoac\u00e1n, 09 de octubre de 2018<\/b>.-\u00a0El coordinador del Grupo Parlamentario del Partido Revolucionario Institucional (PRI), Eduardo Orihuela Estefan, impulsar\u00e1 iniciativa ciudadana para adicionar un segundo p\u00e1rrafo al art\u00edculo 138 y establecer de car\u00e1cter obligatorio la impartici\u00f3n y promoci\u00f3n de la Constituci\u00f3n Pol\u00edtica.<\/p>\n<p class=\"x_MsoNormal\">\n<p class=\"x_MsoNormal\">Eduardo Orihuela inform\u00f3 que seg\u00fan la Tercera Encuesta Nacional de Cultura Constitucional, el 56.1 por ciento de los mexicanos dice conocer poco de la Carta Magna, el 52.7 por ciento desconoce el a\u00f1o en que se aprob\u00f3 y no la relaciona con la Revoluci\u00f3n Mexicana y que el 84 por ciento de los mexicanos considera que la Constituci\u00f3n se cumple poco o nada.<\/p>\n<p class=\"x_MsoNormal\">\n<p class=\"x_MsoNormal\">El diputado del Partido Revolucionario Institucional (PRI) manifest\u00f3 que apoyar\u00e1n la iniciativa que suscriben los abogados, Gamaliel Esparza Verduzco y Sim\u00f3n Baca Su\u00e1rez, pues detall\u00f3 que con esto se est\u00e1 impulsando tambi\u00e9n la cultura de la legalidad con la finalidad de que no sea percibida como algo alejado de la vida cotidiana sino c\u00f3mo el \u00fanico m\u00e9todo para construir el Michoac\u00e1n que todos desean.<\/p>\n<p class=\"x_MsoNormal\">\n<p class=\"x_MsoNormal\">Por su parte los creadores y proponentes de dicha iniciativa, Sim\u00f3n Baca y Gamaliel Esparza se\u00f1alaron que con esta iniciativa se pretende que se obligue tanto al estado como a los municipios a incorporar y promover la Carta Magna en los niveles de educaci\u00f3n b\u00e1sica, media y media superior y de esta forma generar un patriotismo mayor.<\/p>\n<p class=\"x_MsoNormal\">\n<p class=\"x_MsoNormal\">Gamaliel Esparza agradeci\u00f3 al diputado Eduardo Orihuela por haberse sumado a este proyecto e impulsar dicha iniciativa y apoyarlos en lo necesario para que pueda tener efectos positivos con los ni\u00f1os y j\u00f3venes michoacanos.<\/p>\n<p class=\"x_MsoNormal\">\n<p class=\"x_MsoNormal\">Dicha iniciativa fue presentada el d\u00eda de ayer ante las instancias correspondientes para que pueda ser llevada, primero a comisiones y posteriormente al pleno.<\/p>\n<p class=\"x_MsoNormal\">\n<p class=\"x_MsoNormal\">Los proponentes explicaron que \u201cde acuerdo con el art\u00edculo 138 constitucional, el Estado est\u00e1 obligado a impartir educaci\u00f3n a las personas que habitan el territorio.<\/p>\n<p class=\"x_MsoNormal\">\n<p class=\"x_MsoNormal\">Tambi\u00e9n se determinan los principios que servir\u00e1n de directriz para encauzar esa educaci\u00f3n a cargo del Estado, como son: el respeto de los derechos humanos, la justicia y la solidaridad internacional\u201d.<\/p>\n<p class=\"x_MsoNormal\">\n<p class=\"x_MsoNormal\">Bajo este esquema, la propuesta es que se adicione un segundo p\u00e1rrafo al art\u00edculo 138 de la Constituci\u00f3n Pol\u00edtica del Estado de Michoac\u00e1n de Ocampo, para quedar de la siguiente forma:<\/p>\n<p class=\"x_MsoNormal\">Art\u00edculo 138\u00b0.- Todo individuo tiene derecho a recibir educaci\u00f3n. El Estado y sus Municipios est\u00e1n obligados a impartir educaci\u00f3n preescolar, primaria, secundaria, media superior y superior. Toda educaci\u00f3n que el Estado imparta ser\u00e1 gratuita.<\/p>\n<p class=\"x_MsoNormal\">\n<p class=\"x_MsoNormal\">Y se le agregar\u00eda: \u201cEs obligaci\u00f3n del Estado de Michoac\u00e1n de Ocampo y sus Municipios, impartir y promover el conocimiento de los contenidos de la Constituci\u00f3n Pol\u00edtica de los Estados Unidos Mexicanos entre los habitantes de la Entidad, por medio de las autoridades y dependencias en el \u00e1mbito competencial que corresponda, as\u00ed como a trav\u00e9s de la instituci\u00f3n encargada de la educaci\u00f3n\u201d.<\/p>\n<p class=\"x_MsoNormal\"><b>\u00a0<\/b><\/p>\n","protected":false},"excerpt":{"rendered":"<p>Morelia; Michoac\u00e1n, 09 de octubre de 2018.-\u00a0El coordinador del Grupo Parlamentario del Partido Revolucionario Institucional (PRI), Eduardo Orihuela Estefan, impulsar\u00e1 iniciativa ciudadana para adicionar un segundo p\u00e1rrafo al art\u00edculo 138 y establecer de car\u00e1cter obligatorio la impartici\u00f3n y promoci\u00f3n de la Constituci\u00f3n Pol\u00edtica. Eduardo Orihuela inform\u00f3 que seg\u00fan la Tercera Encuesta Nacional de Cultura Constitucional, [&hellip;]<\/p>\n","protected":false},"author":2,"featured_media":57184,"comment_status":"closed","ping_status":"closed","sticky":false,"template":"","format":"standard","meta":{"footnotes":""},"categories":[6],"tags":[],"class_list":["post-57183","post","type-post","status-publish","format-standard","has-post-thumbnail","hentry","category-congreso-del-estado"],"_links":{"self":[{"href":"https:\/\/radiowebmx.com\/nota\/wp-json\/wp\/v2\/posts\/57183","targetHints":{"allow":["GET"]}}],"collection":[{"href":"https:\/\/radiowebmx.com\/nota\/wp-json\/wp\/v2\/posts"}],"about":[{"href":"https:\/\/radiowebmx.com\/nota\/wp-json\/wp\/v2\/types\/post"}],"author":[{"embeddable":true,"href":"https:\/\/radiowebmx.com\/nota\/wp-json\/wp\/v2\/users\/2"}],"replies":[{"embeddable":true,"href":"https:\/\/radiowebmx.com\/nota\/wp-json\/wp\/v2\/comments?post=57183"}],"version-history":[{"count":1,"href":"https:\/\/radiowebmx.com\/nota\/wp-json\/wp\/v2\/posts\/57183\/revisions"}],"predecessor-version":[{"id":57185,"href":"https:\/\/radiowebmx.com\/nota\/wp-json\/wp\/v2\/posts\/57183\/revisions\/57185"}],"wp:featuredmedia":[{"embeddable":true,"href":"https:\/\/radiowebmx.com\/nota\/wp-json\/wp\/v2\/media\/57184"}],"wp:attachment":[{"href":"https:\/\/radiowebmx.com\/nota\/wp-json\/wp\/v2\/media?parent=57183"}],"wp:term":[{"taxonomy":"category","embeddable":true,"href":"https:\/\/radiowebmx.com\/nota\/wp-json\/wp\/v2\/categories?post=57183"},{"taxonomy":"post_tag","embeddable":true,"href":"https:\/\/radiowebmx.com\/nota\/wp-json\/wp\/v2\/tags?post=57183"}],"curies":[{"name":"wp","href":"https:\/\/api.w.org\/{rel}","templated":true}]}}