{"id":57180,"date":"2018-10-09T13:24:37","date_gmt":"2018-10-09T18:24:37","guid":{"rendered":"https:\/\/radiowebmx.com\/nota\/?p=57180"},"modified":"2018-10-09T13:24:37","modified_gmt":"2018-10-09T18:24:37","slug":"sumaran-esfuerzos-legislativo-y-ejecutivo-en-materia-de-equidad-y-genero","status":"publish","type":"post","link":"https:\/\/radiowebmx.com\/nota\/sumaran-esfuerzos-legislativo-y-ejecutivo-en-materia-de-equidad-y-genero\/","title":{"rendered":"Sumar\u00e1n esfuerzos Legislativo y Ejecutivo en materia de equidad y g\u00e9nero"},"content":{"rendered":"<p class=\"x_MsoNormal\"><b>Morelia; Michoac\u00e1n, 09 de octubre de 2018<\/b>.- Michoac\u00e1n requiere de pol\u00edticas p\u00fablicas de vanguardia para reforzar las tareas que se ejecutan en materia de equidad y g\u00e9nero, expuso la diputada local del Partido Verde Ecologista de M\u00e9xico,\u00a0 \u00a0Lucila Mart\u00ednez Manr\u00edquez.<\/p>\n<p class=\"x_MsoNormal\">Quien dijo que desde el Congreso del Estado se instrumentar\u00e1 el andamiaje, para que\u00a0 Michoac\u00e1n cuente con normas y leyes que permitir\u00e1n reforzar los mecanismos en esta materia.<\/p>\n<p class=\"x_MsoNormal\">Durante una reuni\u00f3n con la titular de la Secretar\u00eda de Igualdad Sustantiva y Desarrollo de las Mujeres, Nuria Gabriela Hern\u00e1ndez Abarca la presidenta de la Comisi\u00f3n de equidad y g\u00e9nero de la c\u00e1mara de diputados, expuso la necesidad de trabajar una agenda de trabajo coordinado en pro de la igualdad sustantiva en el Estado.<\/p>\n<p class=\"x_MsoNormal\">Mart\u00ednez Manr\u00edquez, ofreci\u00f3 a la funcionaria estatal revisar la legislaci\u00f3n actual y todos aqu\u00e9llos aspectos que incidan a favor de un nuevo marco jur\u00eddico.<\/p>\n<p class=\"x_MsoNormal\">A\u00f1adi\u00f3 que juntos el Legislativo y el Ejecutivo podr\u00e1n sumar sinergias en la materia y lograr adentrarse a la vanguardia en los retos que implica la equidad y g\u00e9nero.<\/p>\n<p class=\"x_MsoNormal\">Por su parte, Hern\u00e1ndez Abarca reiter\u00f3 el inter\u00e9s del Ejecutivo Estatal por participar en la toma de decisiones que tiendan a reforzar las acciones de equidad entre hombres y mujeres.<\/p>\n","protected":false},"excerpt":{"rendered":"<p>Morelia; Michoac\u00e1n, 09 de octubre de 2018.- Michoac\u00e1n requiere de pol\u00edticas p\u00fablicas de vanguardia para reforzar las tareas que se ejecutan en materia de equidad y g\u00e9nero, expuso la diputada local del Partido Verde Ecologista de M\u00e9xico,\u00a0 \u00a0Lucila Mart\u00ednez Manr\u00edquez. Quien dijo que desde el Congreso del Estado se instrumentar\u00e1 el andamiaje, para que\u00a0 Michoac\u00e1n [&hellip;]<\/p>\n","protected":false},"author":2,"featured_media":57181,"comment_status":"closed","ping_status":"closed","sticky":false,"template":"","format":"standard","meta":{"footnotes":""},"categories":[6],"tags":[],"class_list":["post-57180","post","type-post","status-publish","format-standard","has-post-thumbnail","hentry","category-congreso-del-estado"],"_links":{"self":[{"href":"https:\/\/radiowebmx.com\/nota\/wp-json\/wp\/v2\/posts\/57180","targetHints":{"allow":["GET"]}}],"collection":[{"href":"https:\/\/radiowebmx.com\/nota\/wp-json\/wp\/v2\/posts"}],"about":[{"href":"https:\/\/radiowebmx.com\/nota\/wp-json\/wp\/v2\/types\/post"}],"author":[{"embeddable":true,"href":"https:\/\/radiowebmx.com\/nota\/wp-json\/wp\/v2\/users\/2"}],"replies":[{"embeddable":true,"href":"https:\/\/radiowebmx.com\/nota\/wp-json\/wp\/v2\/comments?post=57180"}],"version-history":[{"count":1,"href":"https:\/\/radiowebmx.com\/nota\/wp-json\/wp\/v2\/posts\/57180\/revisions"}],"predecessor-version":[{"id":57182,"href":"https:\/\/radiowebmx.com\/nota\/wp-json\/wp\/v2\/posts\/57180\/revisions\/57182"}],"wp:featuredmedia":[{"embeddable":true,"href":"https:\/\/radiowebmx.com\/nota\/wp-json\/wp\/v2\/media\/57181"}],"wp:attachment":[{"href":"https:\/\/radiowebmx.com\/nota\/wp-json\/wp\/v2\/media?parent=57180"}],"wp:term":[{"taxonomy":"category","embeddable":true,"href":"https:\/\/radiowebmx.com\/nota\/wp-json\/wp\/v2\/categories?post=57180"},{"taxonomy":"post_tag","embeddable":true,"href":"https:\/\/radiowebmx.com\/nota\/wp-json\/wp\/v2\/tags?post=57180"}],"curies":[{"name":"wp","href":"https:\/\/api.w.org\/{rel}","templated":true}]}}