{"id":5716,"date":"2014-02-26T11:54:18","date_gmt":"2014-02-26T17:54:18","guid":{"rendered":"https:\/\/radiowebmx.com\/nota\/?p=5716"},"modified":"2014-02-26T11:54:18","modified_gmt":"2014-02-26T17:54:18","slug":"lograr-que-se-deje-de-estigmatizar-a-michoacan-el-compromiso-enrique-pena-nieto","status":"publish","type":"post","link":"https:\/\/radiowebmx.com\/nota\/lograr-que-se-deje-de-estigmatizar-a-michoacan-el-compromiso-enrique-pena-nieto\/","title":{"rendered":"LOGRAR QUE SE DEJE DE ESTIGMATIZAR A MICHOAC\u00c1N, EL COMPROMISO: ENRIQUE PE\u00d1A NIETO"},"content":{"rendered":"<p>El compromiso del Gobierno de la Rep\u00fablica es lograr que se deje de estigmatizar a Michoac\u00e1n, es decir, que trabajando no s\u00f3lo en seguridad, sino en desarrollo social, se cambie la percepci\u00f3n que se tiene del Estado tanto a nivel nacional como internacional; as\u00ed lo dej\u00f3 de manifiesto el presidente de M\u00e9xico, Enrique Pe\u00f1a Nieto, quien acompa\u00f1ado del gobernador Fausto Vallejo Figueroa, cumpli\u00f3 su promesa y visit\u00f3 por segunda ocasi\u00f3n en este mes nuestra entidad.<\/p>\n<p>En la comunidad de Tanaquillo de este municipio de Chichota, comunidad representativa de la Ca\u00f1ada de los Once Pueblos, el gobernador Vallejo Figueroa fue testigo de honor de la firma de dos convenios, uno sobre electrificaci\u00f3n para 82 comunidades en beneficio de m\u00e1s de 23 mil 900 habitantes, y otro con la finalidad de proporcionar a los m\u00e1s de 300 mil beneficiarios del programa \u201cContigo, Compromiso de Todos\u201d, un precio preferencial en la adquisici\u00f3n de los productos alimentarios distribuidos por Diconsa.<\/p>\n<p>\u201cNo hay varitas m\u00e1gicas, pero s\u00ed la voluntad firme para ir transformando la realidad social de Michoac\u00e1n\u201d, dijo el presidente de la Rep\u00fablica.<\/p>\n<p>Tambi\u00e9n, en presencia del secretario de Gobernaci\u00f3n federal, Miguel \u00c1ngel Osorio Chong y el comisionado para la Seguridad y Desarrollo Integral de Michoac\u00e1n, Alfredo Castillo Cervantes, el jefe del Ejecutivo estatal enfatiz\u00f3 que los gobiernos de buenas intenciones se han quedado en el pasado, \u201choy somos beneficiarios de un Gobierno de la Rep\u00fablica eficaz, que bajo los cinco ejes del Plan Michoac\u00e1n est\u00e1 impactando en la calidad de vida de los miles de michoacanos que viven en situaci\u00f3n vulnerable\u201d.<\/p>\n<p>\u201cHoy estamos viviendo una nueva etapa en la que no cabe ni la inseguridad, ni la violencia, ni la impunidad\u201d, afirm\u00f3 el gobernador del Estado y agreg\u00f3 que su administraci\u00f3n continuar\u00e1 trabajando hombro con hombro con la Federaci\u00f3n para forjar una entidad m\u00e1s incluyente, con mejores oportunidades para el desarrollo econ\u00f3mico y social.<\/p>\n<p>Fausto Vallejo reconoci\u00f3 el trabajo del Ejecutivo federal: \u201cViene a reivindicar la legitimidad, la confiabilidad en las instrucciones de seguridad y justicia del Estado Mexicano, la superioridad de la fuerza institucional ante la criminalidad, dejando un mensaje claro para quienes piensan que pueden seguir conduci\u00e9ndose por la senda del crimen y la impunidad\u201d.<\/p>\n<p>\u201cHoy m\u00e1s que nunca los michoacanos estamos convencidos de que las fuerzas federales siguen velando por la seguridad, restaurando el orden y el Estado de Derecho\u201d afirm\u00f3 Vallejo Figueroa.<\/p>\n<p>A su vez, el presidente de la Rep\u00fablica, acompa\u00f1ado por Rosario Robles Berlanga, secretaria de Desarrollo Social, subray\u00f3 que el Gobierno Federal tiene un compromiso firme y claro por apoyar el desarrollo del Estado que ha sido estigmatizado por las condiciones de inseguridad, as\u00ed como recuperar la tranquilidad, y respaldar la\u00a0 iniciativa del Gobierno estatal para tener mejor porvenir; \u201cno hay varitas m\u00e1gicas, hay voluntad, estar con ustedes de manera regular, transformar la realidad social para ir generando condiciones para el desarrollo integral\u201d, destac\u00f3.<\/p>\n<p>\u201cTenemos toda la voluntad, todo el compromiso, hay coordinaci\u00f3n con Gobierno Federal y autoridades locales, por lo que con la suma de esfuerzos y la entusiasta participaci\u00f3n estamos decididos a mejorar sus comunidades, alcanzar el Michoac\u00e1n que todos quieren y desean. Los invito a que juntos lo hagamos realidad\u201d destac\u00f3 Pe\u00f1a Nieto, al tiempo que agradeci\u00f3 la disposici\u00f3n que su administraci\u00f3n ha demostrado para sumar esfuerzos para poder avanzar en el progreso y desarrollo.<\/p>\n<p>Durante el encuentro con comunidades de origen Pur\u00e9pecha, el presidente de M\u00e9xico rompi\u00f3 con el protocolo, y convirti\u00f3 el discurso oficial en un di\u00e1logo donde escuch\u00f3 de viva voz las experiencias exitosas de quienes han sido beneficiados con los comedores comunitarios, lecher\u00edas Liconsa, proyectos productivos, electrificaci\u00f3n, y restauraci\u00f3n de los techos de sus hogares, a quienes dijo que la mayor fortaleza del Estado est\u00e1 en sus mujeres, hombres, y j\u00f3venes, quienes aportan al desarrollo y al progreso.<\/p>\n<p>La se\u00f1or Crisanta, de la comunidad de Acachu\u00e9n en Chilchota, una de las beneficiadas de los diversos programas,\u00a0 agradeci\u00f3 la oportunidad de comprar en las lecher\u00edas Liconsa al precio m\u00e1s bajo, \u201ctodos los d\u00edas vamos a tomar leche y vamos a durar m\u00e1s a\u00f1os. Espero que no sea la \u00faltima ni la primera vez que venga, que lo haga porque nunca en mi vida hab\u00eda tocado un presidente y le doy gracias por todo lo que nos est\u00e1s mandando, la leche para nuestros hijos, nietos, adultos mayores y tengamos m\u00e1s fuerza para seguir trabajando\u201d.<\/p>\n<p>Concepci\u00f3n Torres del comit\u00e9 de Cocina Comunitaria,\u00a0 agradeci\u00f3 al presidente y al gobernador \u201cque sea siempre as\u00ed, antes no hab\u00eda lo que ahora hay, por favor s\u00edgannos apoyando porque es para todas las comunidades\u201d.<\/p>\n<p>Mientras que Ang\u00e9lica L\u00e1zaro de la comunidad de Zopoco, municipio de Chilchota, y Ana, destacaron la oportunidad de trabajar a favor de los suyos y de sus comunidades, al igual que el representante de bienes comunales de la comunidad de San Lorenzo, y Marisela Jim\u00e9nez Estrada, quien afirm\u00f3, \u201cgracias por preocuparse por nuestra gente, nuestros adultos mayores, en Los Nogales; el Ej\u00e9rcito que nos ayud\u00f3 a poner la cocina, gracias por tomarnos en cuenta\u201d.<\/p>\n","protected":false},"excerpt":{"rendered":"<p>El compromiso del Gobierno de la Rep\u00fablica es lograr que se deje de estigmatizar a Michoac\u00e1n, es decir, que trabajando no s\u00f3lo en seguridad, sino en desarrollo social, se cambie la percepci\u00f3n que se tiene del Estado tanto a nivel nacional como internacional;<\/p>\n","protected":false},"author":1,"featured_media":0,"comment_status":"open","ping_status":"open","sticky":false,"template":"","format":"standard","meta":{"footnotes":""},"categories":[3],"tags":[],"class_list":["post-5716","post","type-post","status-publish","format-standard","hentry","category-gobierno-del-estado-de-michoacan"],"_links":{"self":[{"href":"https:\/\/radiowebmx.com\/nota\/wp-json\/wp\/v2\/posts\/5716","targetHints":{"allow":["GET"]}}],"collection":[{"href":"https:\/\/radiowebmx.com\/nota\/wp-json\/wp\/v2\/posts"}],"about":[{"href":"https:\/\/radiowebmx.com\/nota\/wp-json\/wp\/v2\/types\/post"}],"author":[{"embeddable":true,"href":"https:\/\/radiowebmx.com\/nota\/wp-json\/wp\/v2\/users\/1"}],"replies":[{"embeddable":true,"href":"https:\/\/radiowebmx.com\/nota\/wp-json\/wp\/v2\/comments?post=5716"}],"version-history":[{"count":2,"href":"https:\/\/radiowebmx.com\/nota\/wp-json\/wp\/v2\/posts\/5716\/revisions"}],"predecessor-version":[{"id":5718,"href":"https:\/\/radiowebmx.com\/nota\/wp-json\/wp\/v2\/posts\/5716\/revisions\/5718"}],"wp:attachment":[{"href":"https:\/\/radiowebmx.com\/nota\/wp-json\/wp\/v2\/media?parent=5716"}],"wp:term":[{"taxonomy":"category","embeddable":true,"href":"https:\/\/radiowebmx.com\/nota\/wp-json\/wp\/v2\/categories?post=5716"},{"taxonomy":"post_tag","embeddable":true,"href":"https:\/\/radiowebmx.com\/nota\/wp-json\/wp\/v2\/tags?post=5716"}],"curies":[{"name":"wp","href":"https:\/\/api.w.org\/{rel}","templated":true}]}}