{"id":5713,"date":"2014-02-26T11:52:04","date_gmt":"2014-02-26T17:52:04","guid":{"rendered":"https:\/\/radiowebmx.com\/nota\/?p=5713"},"modified":"2014-02-26T11:52:04","modified_gmt":"2014-02-26T17:52:04","slug":"confunde-a-la-ciudadania-declaraciones-del-prd-sobre-la-gratuidad-en-la-um-fernandez-orozco","status":"publish","type":"post","link":"https:\/\/radiowebmx.com\/nota\/confunde-a-la-ciudadania-declaraciones-del-prd-sobre-la-gratuidad-en-la-um-fernandez-orozco\/","title":{"rendered":"CONFUNDE A LA CIUDADAN\u00cdA DECLARACIONES DEL PRD SOBRE LA GRATUIDAD EN LA UM: FERN\u00c1NDEZ OROZCO"},"content":{"rendered":"<p><a href=\"https:\/\/radiowebmx.com\/nota\/wp-content\/uploads\/2014\/02\/DSC_0361.jpg\"><img loading=\"lazy\" decoding=\"async\" class=\"alignleft size-full wp-image-5714\" alt=\"DSC_0361\" src=\"https:\/\/radiowebmx.com\/nota\/wp-content\/uploads\/2014\/02\/DSC_0361.jpg\" width=\"591\" height=\"514\" \/><\/a>El PRD deber\u00eda de ponerse a trabajar de manera seria, congruente y con responsabilidad para contribuir de esta manera, al desarrollo con crecimiento del Estado de Michoac\u00e1n, y no andar haciendo declaraciones sin fundamento y ajenas a la verdad, que solo confunden a la ciudadan\u00eda, como es el caso de propagar que el Gobierno pri\u00edsta de Michoac\u00e1n, decidi\u00f3 abandonar el apoyo a la educaci\u00f3n de los j\u00f3venes\u201d, aseverando que el gobernador del Estado Lic. Fausto Vallejo Figueroa, viol\u00f3 el decreto 391 de la Constituci\u00f3n Pol\u00edtica que se refiere a la gratuidad en la modalidad de educaci\u00f3n nivel media superior y superior, se\u00f1al\u00f3 el l\u00edder pri\u00edsta Osvaldo Fern\u00e1ndez Orozco.<\/p>\n<p>&nbsp;<\/p>\n<p>Tal afirmaci\u00f3n no corresponde a la realidad, toda vez que quien hizo referencia al tema relacionado con la gratuidad fue el Rector de la Universidad Dr. Salvador Jara Guerrero, quien afirm\u00f3 que la Universidad al no tener recursos para solventar este problema, decidi\u00f3 pasarlo por alto y cobrar a los alumnos el ingreso a la misma, afirm\u00f3 adem\u00e1s Osvaldo Fern\u00e1ndez Orozco, que el PRI es respetuoso de las Instituciones y que jam\u00e1s se inmiscuir\u00e1 en ellas.<\/p>\n<p>&nbsp;<\/p>\n<p>El l\u00edder pri\u00edsta manifest\u00f3, que el Gobierno del Estado que encabeza el Lic. Fausto Vallejo Figueroa, est\u00e1 haciendo grandes esfuerzos por estabilizar a Michoac\u00e1n en todos los rubros, y m\u00e1s si se trata de la educaci\u00f3n, y la oposici\u00f3n hace todo lo que est\u00e1 en sus manos para desprestigiar y poner en duda la buena voluntad de esta administraci\u00f3n.<\/p>\n<p>&nbsp;<\/p>\n<p>Fern\u00e1ndez Orozco recalc\u00f3, que los gobiernos pri\u00edstas se han caracterizado siempre, por respaldar la educaci\u00f3n laica y gratuita en todos los niveles, de ah\u00ed que estamos completamente seguros, que lo que quiere el PRD es formar una cortina de humo para deslindarse del quebranto tan fuerte que sufri\u00f3 el Estado, cuando administraron ellos los dineros del Ejecutivo.<\/p>\n<p>&nbsp;<\/p>\n<p>Orozco puntualiz\u00f3, que si los recursos del Estado, se hubieran manejado de manera clara y precisa en las dos administraciones anteriores, no estar\u00edamos padeciendo este tipo de situaciones que solo confunden a los interesados.<\/p>\n<p>&nbsp;<\/p>\n<p>El l\u00edder pri\u00edsta hizo una invitaci\u00f3n a todos los Partidos Pol\u00edticos de Michoac\u00e1n, a que se sumen al trabajo productivo que est\u00e1n realizando los Gobiernos Federal y Estatal que encabezan el Lic. Enrique Pe\u00f1a Nieto y el Lic. Fausto Vallejo Figueroa, para que juntos pueblo y Gobierno logremos darle un jal\u00f3n al desarrollo compartido y con justicia social que tanto requieren los michoacanos, finaliz\u00f3.<\/p>\n","protected":false},"excerpt":{"rendered":"<p>El PRD deber\u00eda de ponerse a trabajar de manera seria, congruente y con responsabilidad para contribuir de esta manera, al desarrollo con crecimiento del Estado de Michoac\u00e1n,<\/p>\n","protected":false},"author":1,"featured_media":0,"comment_status":"open","ping_status":"open","sticky":false,"template":"","format":"standard","meta":{"footnotes":""},"categories":[14,3],"tags":[],"class_list":["post-5713","post","type-post","status-publish","format-standard","hentry","category-destacadas","category-gobierno-del-estado-de-michoacan"],"_links":{"self":[{"href":"https:\/\/radiowebmx.com\/nota\/wp-json\/wp\/v2\/posts\/5713","targetHints":{"allow":["GET"]}}],"collection":[{"href":"https:\/\/radiowebmx.com\/nota\/wp-json\/wp\/v2\/posts"}],"about":[{"href":"https:\/\/radiowebmx.com\/nota\/wp-json\/wp\/v2\/types\/post"}],"author":[{"embeddable":true,"href":"https:\/\/radiowebmx.com\/nota\/wp-json\/wp\/v2\/users\/1"}],"replies":[{"embeddable":true,"href":"https:\/\/radiowebmx.com\/nota\/wp-json\/wp\/v2\/comments?post=5713"}],"version-history":[{"count":1,"href":"https:\/\/radiowebmx.com\/nota\/wp-json\/wp\/v2\/posts\/5713\/revisions"}],"predecessor-version":[{"id":5715,"href":"https:\/\/radiowebmx.com\/nota\/wp-json\/wp\/v2\/posts\/5713\/revisions\/5715"}],"wp:attachment":[{"href":"https:\/\/radiowebmx.com\/nota\/wp-json\/wp\/v2\/media?parent=5713"}],"wp:term":[{"taxonomy":"category","embeddable":true,"href":"https:\/\/radiowebmx.com\/nota\/wp-json\/wp\/v2\/categories?post=5713"},{"taxonomy":"post_tag","embeddable":true,"href":"https:\/\/radiowebmx.com\/nota\/wp-json\/wp\/v2\/tags?post=5713"}],"curies":[{"name":"wp","href":"https:\/\/api.w.org\/{rel}","templated":true}]}}