{"id":57059,"date":"2018-10-04T18:55:55","date_gmt":"2018-10-04T23:55:55","guid":{"rendered":"https:\/\/radiowebmx.com\/nota\/?p=57059"},"modified":"2018-10-04T18:55:55","modified_gmt":"2018-10-04T23:55:55","slug":"instalan-comisiones-en-el-congreso","status":"publish","type":"post","link":"https:\/\/radiowebmx.com\/nota\/instalan-comisiones-en-el-congreso\/","title":{"rendered":"Instalan comisiones en el Congreso"},"content":{"rendered":"<p class=\"x_MsoNormal\"><b>Morelia; Michoac\u00e1n, 04 de octubre de 2018<\/b>.- El diputado Antonio Salas, presidente de la Mesa Directiva del Congreso local, declar\u00f3 formal y legalmente instaladas las 28 comisiones dictaminadoras y los 5 comit\u00e9s de vigilancia de la LXXIV Legislatura.<\/p>\n<p class=\"x_MsoNormal\">\n<p class=\"x_MsoNormal\">Asimismo, instruy\u00f3 al titular de la Contralor\u00eda Interna a realizar lo conducente a efecto de iniciar los trabajos de entrega-recepci\u00f3n de las comisiones y comit\u00e9s.<\/p>\n<p class=\"x_MsoNormal\">\n<p class=\"x_MsoNormal\">Lo anterior, en presencia de los diputados Alfredo Ram\u00edrez Bedolla, Adri\u00e1n L\u00f3pez Sol\u00eds, Javier Estrada C\u00e1rdenas, Brenda Fabiola Fraga, Marco Polo Aguirre y Ernesto N\u00fa\u00f1ez, presidente e integrantes respectivamente de la Junta de Coordinaci\u00f3n Pol\u00edtica; asimismo, estuvieron presentes los presidentes e integrantes las comisiones de dictamen y los comit\u00e9s de vigilancia.<\/p>\n<p class=\"x_MsoNormal\">\n<p class=\"x_MsoNormal\">Con su instalaci\u00f3n, el Congreso local da apertura a los trabajos de las comisiones y comit\u00e9s que operar\u00e1n durante la LXXIV Legislatura.<\/p>\n","protected":false},"excerpt":{"rendered":"<p>Morelia; Michoac\u00e1n, 04 de octubre de 2018.- El diputado Antonio Salas, presidente de la Mesa Directiva del Congreso local, declar\u00f3 formal y legalmente instaladas las 28 comisiones dictaminadoras y los 5 comit\u00e9s de vigilancia de la LXXIV Legislatura. Asimismo, instruy\u00f3 al titular de la Contralor\u00eda Interna a realizar lo conducente a efecto de iniciar los [&hellip;]<\/p>\n","protected":false},"author":2,"featured_media":57060,"comment_status":"closed","ping_status":"closed","sticky":false,"template":"","format":"standard","meta":{"footnotes":""},"categories":[6],"tags":[],"class_list":["post-57059","post","type-post","status-publish","format-standard","has-post-thumbnail","hentry","category-congreso-del-estado"],"_links":{"self":[{"href":"https:\/\/radiowebmx.com\/nota\/wp-json\/wp\/v2\/posts\/57059","targetHints":{"allow":["GET"]}}],"collection":[{"href":"https:\/\/radiowebmx.com\/nota\/wp-json\/wp\/v2\/posts"}],"about":[{"href":"https:\/\/radiowebmx.com\/nota\/wp-json\/wp\/v2\/types\/post"}],"author":[{"embeddable":true,"href":"https:\/\/radiowebmx.com\/nota\/wp-json\/wp\/v2\/users\/2"}],"replies":[{"embeddable":true,"href":"https:\/\/radiowebmx.com\/nota\/wp-json\/wp\/v2\/comments?post=57059"}],"version-history":[{"count":1,"href":"https:\/\/radiowebmx.com\/nota\/wp-json\/wp\/v2\/posts\/57059\/revisions"}],"predecessor-version":[{"id":57061,"href":"https:\/\/radiowebmx.com\/nota\/wp-json\/wp\/v2\/posts\/57059\/revisions\/57061"}],"wp:featuredmedia":[{"embeddable":true,"href":"https:\/\/radiowebmx.com\/nota\/wp-json\/wp\/v2\/media\/57060"}],"wp:attachment":[{"href":"https:\/\/radiowebmx.com\/nota\/wp-json\/wp\/v2\/media?parent=57059"}],"wp:term":[{"taxonomy":"category","embeddable":true,"href":"https:\/\/radiowebmx.com\/nota\/wp-json\/wp\/v2\/categories?post=57059"},{"taxonomy":"post_tag","embeddable":true,"href":"https:\/\/radiowebmx.com\/nota\/wp-json\/wp\/v2\/tags?post=57059"}],"curies":[{"name":"wp","href":"https:\/\/api.w.org\/{rel}","templated":true}]}}