{"id":57056,"date":"2018-10-04T18:54:35","date_gmt":"2018-10-04T23:54:35","guid":{"rendered":"https:\/\/radiowebmx.com\/nota\/?p=57056"},"modified":"2018-10-04T18:54:35","modified_gmt":"2018-10-04T23:54:35","slug":"presentan-diputados-acuerdo-de-austeridad","status":"publish","type":"post","link":"https:\/\/radiowebmx.com\/nota\/presentan-diputados-acuerdo-de-austeridad\/","title":{"rendered":"Presentan diputados Acuerdo de Austeridad"},"content":{"rendered":"<p class=\"x_MsoNormal\"><b>Morelia; Michoac\u00e1n, 04 de octubre de 2018<\/b>.- Con el prop\u00f3sito de implementar medidas concretas que permitan ejercer los recursos p\u00fablicos de forma austera y transparente, el diputado Alfredo Ram\u00edrez Bedolla, present\u00f3 ante el Pleno del Congreso local, la Propuesta de Acuerdo de Austeridad y Ejercicio del Poder Legislativo.<\/p>\n<p class=\"x_MsoNormal\">\n<p class=\"x_MsoNormal\">En tribuna el legislador Ram\u00edrez Bedolla, a nombre del grupo parlamentario del Partido Movimiento de Regeneraci\u00f3n Nacional, Morena, present\u00f3 la propuesta que establece las medidas de austeridad presupuestal que se busca aplicar para este \u00f3rgano legislativo en cuatro rubros fundamentales: recursos humanos, materiales, econ\u00f3micos y en el trabajo legislativo y parlamentario.<\/p>\n<p class=\"x_MsoNormal\">\n<p class=\"x_MsoNormal\">El acuerdo avalado por los representantes de todos los grupos parlamentarios establece la eliminaci\u00f3n de toda percepci\u00f3n o bono extraordinario, as\u00ed como una disminuci\u00f3n en el salario de los diputados, acorde a lo que establece el art\u00edculo 9\u00b0 de la Ley de Remuneraciones de los Servidores P\u00fablicos del Estado.<\/p>\n<p class=\"x_MsoNormal\">\n<p class=\"x_MsoNormal\">Asimismo, propone la regulaci\u00f3n de vi\u00e1ticos al m\u00ednimo necesario, agregando que de ninguna manera, se permitir\u00e1 el turismo legislativo; as\u00ed como eliminar prestaciones como\u00a0el seguro de gastos m\u00e9dicos mayores, fondo de ahorro; vales de alimento, gasolina, gastos relacionados con telefon\u00eda celular, compra y arrendamiento de veh\u00edculos, entre otros.<\/p>\n<p class=\"x_MsoNormal\">\n<p class=\"x_MsoNormal\">Los eventos protocolarios y solemnes se manejar\u00e1n sobre un principio de austeridad, ahorro y transparencia; respecto del servicio de edecanes, se buscar\u00e1n medidas para establecer otros formatos protocolarios m\u00e1s econ\u00f3micos, con personal de apoyo existente en la plantilla del Congreso. De igual forma se propone reducir el n\u00famero de asesores existentes en un 50%, y s\u00f3lo se contratar\u00e1 al personal estrictamente indispensable, eliminando el nepotismo.<\/p>\n<p class=\"x_MsoNormal\">\n<p class=\"x_MsoNormal\">De igual forma, se prev\u00e9 erradicar todo gasto discrecional de los \u00f3rganos legislativos, tales como: la Junta de Coordinaci\u00f3n Pol\u00edtica, la Mesa Directiva del Congreso, las coordinaciones de los grupos parlamentarios y las comisiones y comit\u00e9s del Congreso, bajo el principio de austeridad, sujet\u00e1ndose rigurosamente todos los gastos a los procesos administrativos de comprobaci\u00f3n.<\/p>\n<p class=\"x_MsoNormal\">\n<p class=\"x_MsoNormal\">Lo anterior, permitir\u00e1 realizar una reducci\u00f3n de hasta un 30% al presupuesto del Congreso del Estado, aprobado para el ejercicio fiscal 2019. Los ahorros generados se reasignar\u00e1n a programas de car\u00e1cter social, bajo las reglas de operaci\u00f3n que en su momento se aprueben por la presente legislatura.<\/p>\n<p class=\"x_MsoNormal\">\n<p class=\"x_MsoNormal\">La propuesta de acuerdo fue turnada a la Comisi\u00f3n de R\u00e9gimen Interno y Pr\u00e1cticas Parlamentarias, as\u00ed como al Comit\u00e9 de Administraci\u00f3n y Control, para su an\u00e1lisis y dictamen.<\/p>\n","protected":false},"excerpt":{"rendered":"<p>Morelia; Michoac\u00e1n, 04 de octubre de 2018.- Con el prop\u00f3sito de implementar medidas concretas que permitan ejercer los recursos p\u00fablicos de forma austera y transparente, el diputado Alfredo Ram\u00edrez Bedolla, present\u00f3 ante el Pleno del Congreso local, la Propuesta de Acuerdo de Austeridad y Ejercicio del Poder Legislativo. En tribuna el legislador Ram\u00edrez Bedolla, a [&hellip;]<\/p>\n","protected":false},"author":2,"featured_media":57057,"comment_status":"closed","ping_status":"closed","sticky":false,"template":"","format":"standard","meta":{"footnotes":""},"categories":[6],"tags":[],"class_list":["post-57056","post","type-post","status-publish","format-standard","has-post-thumbnail","hentry","category-congreso-del-estado"],"_links":{"self":[{"href":"https:\/\/radiowebmx.com\/nota\/wp-json\/wp\/v2\/posts\/57056","targetHints":{"allow":["GET"]}}],"collection":[{"href":"https:\/\/radiowebmx.com\/nota\/wp-json\/wp\/v2\/posts"}],"about":[{"href":"https:\/\/radiowebmx.com\/nota\/wp-json\/wp\/v2\/types\/post"}],"author":[{"embeddable":true,"href":"https:\/\/radiowebmx.com\/nota\/wp-json\/wp\/v2\/users\/2"}],"replies":[{"embeddable":true,"href":"https:\/\/radiowebmx.com\/nota\/wp-json\/wp\/v2\/comments?post=57056"}],"version-history":[{"count":1,"href":"https:\/\/radiowebmx.com\/nota\/wp-json\/wp\/v2\/posts\/57056\/revisions"}],"predecessor-version":[{"id":57058,"href":"https:\/\/radiowebmx.com\/nota\/wp-json\/wp\/v2\/posts\/57056\/revisions\/57058"}],"wp:featuredmedia":[{"embeddable":true,"href":"https:\/\/radiowebmx.com\/nota\/wp-json\/wp\/v2\/media\/57057"}],"wp:attachment":[{"href":"https:\/\/radiowebmx.com\/nota\/wp-json\/wp\/v2\/media?parent=57056"}],"wp:term":[{"taxonomy":"category","embeddable":true,"href":"https:\/\/radiowebmx.com\/nota\/wp-json\/wp\/v2\/categories?post=57056"},{"taxonomy":"post_tag","embeddable":true,"href":"https:\/\/radiowebmx.com\/nota\/wp-json\/wp\/v2\/tags?post=57056"}],"curies":[{"name":"wp","href":"https:\/\/api.w.org\/{rel}","templated":true}]}}