{"id":570,"date":"2012-12-12T14:03:43","date_gmt":"2012-12-12T20:03:43","guid":{"rendered":"https:\/\/radiowebmx.com\/nota\/?p=570"},"modified":"2012-12-12T14:03:43","modified_gmt":"2012-12-12T20:03:43","slug":"martes-de-cultura-en-el-archivo-historico-de-la-ciudad","status":"publish","type":"post","link":"https:\/\/radiowebmx.com\/nota\/martes-de-cultura-en-el-archivo-historico-de-la-ciudad\/","title":{"rendered":"MARTES DE CULTURA EN EL ARCHIVO HIST\u00d3RICO DE LA CIUDAD"},"content":{"rendered":"<p><span style=\"font-size: medium;\">Con la intenci\u00f3n de recordar, fomentar y preservar\u00a0\u00a0nuestras tradiciones,\u00a0\u00a0la historiadora moreliana Magali Zavala Garc\u00eda en el marco de las fiestas decembrinas particip\u00f3 con la Conferencia denominada \u201cUna Mirada a las Fiestas Navide\u00f1as en M\u00e9xico\u201d\u00a0\u00a0en los martes en la cultura del Archivo Hist\u00f3rico de la Ciudad.<\/span><\/p>\n<p><span style=\"font-size: medium;\">\u00a0<\/span><\/p>\n<p><span style=\"font-size: medium;\">\u00a0Ante el p\u00fablico moreliano que se dio cita en el lugar, a pesar del clima frio que priv\u00f3 la tarde de este martes, Magal\u00ed Zavala habl\u00f3 de las posadas, el nacimiento, las pi\u00f1atas, las pastorelas y su significado, as\u00ed como la fusi\u00f3n de dos culturas, la ind\u00edgena y la espa\u00f1ola que dan origen a las tradiciones navide\u00f1as tal como las conocemos que van encaminadas al festejar el nacimiento del ni\u00f1o Dios.<\/span><\/p>\n<p><span style=\"font-size: medium;\">\u00a0<\/span><\/p>\n<p><span style=\"font-size: medium;\">As\u00ed como la historia de la virgen Mar\u00eda en el peregrinar y la b\u00fasqueda de un lugar donde dar a luz, pasaje b\u00edblico que da origen a las posadas, los peregrinos y las pastorelas.<\/span><\/p>\n<p><span style=\"font-size: medium;\">\u00a0<\/span><\/p>\n<p><span style=\"font-size: medium;\">Esta charla, es recordar que gracias a unos frailes en la nueva Espa\u00f1a los ind\u00edgenas\u00a0\u00a0aprenden los rezos y nacen las posadas; de la misma manera la historiadora habl\u00f3 sobre\u00a0\u00a0el significado de las pi\u00f1atas, su elaboraci\u00f3n,\u00a0\u00a0la simbolog\u00eda, y las creencias de que al quebrar la pi\u00f1ata es como liberar el mal y sus siete picos representan\u00a0\u00a0los siete pecados capitales.<\/span><\/p>\n<p><span style=\"font-size: medium;\">\u00a0<\/span><\/p>\n<p><span style=\"font-size: medium;\">\u201cUna mirada a las fiestas navide\u00f1as\u00a0\u00a0en M\u00e9xico\u201d\u00a0\u00a0es recordar nuestras tradiciones y difundirlas entre la poblaci\u00f3n, es uno de los objetivos del Archivo hist\u00f3rico del municipio, a\u00f1adi\u00f3 Zavala Garc\u00eda, historiadora moreliana, que se ha distinguido por escribir y charlar sobre la vida cotidiana de la ciudad de Morelia.<\/span><\/p>\n","protected":false},"excerpt":{"rendered":"<p>Con la intenci\u00f3n de recordar, fomentar y preservar\u00a0\u00a0nuestras tradiciones,\u00a0\u00a0la historiadora moreliana Magali Zavala Garc\u00eda en el marco de las fiestas decembrinas particip\u00f3 con la Conferencia denominada \u201cUna Mirada a las Fiestas Navide\u00f1as en M\u00e9xico\u201d\u00a0\u00a0en los martes en la cultura del Archivo Hist\u00f3rico de la Ciudad. \u00a0 \u00a0Ante el p\u00fablico moreliano que se dio cita en [&hellip;]<\/p>\n","protected":false},"author":1,"featured_media":0,"comment_status":"open","ping_status":"open","sticky":false,"template":"","format":"standard","meta":{"footnotes":""},"categories":[3],"tags":[],"class_list":["post-570","post","type-post","status-publish","format-standard","hentry","category-gobierno-del-estado-de-michoacan"],"_links":{"self":[{"href":"https:\/\/radiowebmx.com\/nota\/wp-json\/wp\/v2\/posts\/570","targetHints":{"allow":["GET"]}}],"collection":[{"href":"https:\/\/radiowebmx.com\/nota\/wp-json\/wp\/v2\/posts"}],"about":[{"href":"https:\/\/radiowebmx.com\/nota\/wp-json\/wp\/v2\/types\/post"}],"author":[{"embeddable":true,"href":"https:\/\/radiowebmx.com\/nota\/wp-json\/wp\/v2\/users\/1"}],"replies":[{"embeddable":true,"href":"https:\/\/radiowebmx.com\/nota\/wp-json\/wp\/v2\/comments?post=570"}],"version-history":[{"count":2,"href":"https:\/\/radiowebmx.com\/nota\/wp-json\/wp\/v2\/posts\/570\/revisions"}],"predecessor-version":[{"id":572,"href":"https:\/\/radiowebmx.com\/nota\/wp-json\/wp\/v2\/posts\/570\/revisions\/572"}],"wp:attachment":[{"href":"https:\/\/radiowebmx.com\/nota\/wp-json\/wp\/v2\/media?parent=570"}],"wp:term":[{"taxonomy":"category","embeddable":true,"href":"https:\/\/radiowebmx.com\/nota\/wp-json\/wp\/v2\/categories?post=570"},{"taxonomy":"post_tag","embeddable":true,"href":"https:\/\/radiowebmx.com\/nota\/wp-json\/wp\/v2\/tags?post=570"}],"curies":[{"name":"wp","href":"https:\/\/api.w.org\/{rel}","templated":true}]}}