{"id":56926,"date":"2018-10-01T12:25:12","date_gmt":"2018-10-01T17:25:12","guid":{"rendered":"https:\/\/radiowebmx.com\/nota\/?p=56926"},"modified":"2018-10-01T12:25:12","modified_gmt":"2018-10-01T17:25:12","slug":"cardenas-imprescindible-en-la-democratizacion-de-mexico","status":"publish","type":"post","link":"https:\/\/radiowebmx.com\/nota\/cardenas-imprescindible-en-la-democratizacion-de-mexico\/","title":{"rendered":"C\u00e1rdenas, imprescindible en la democratizaci\u00f3n de M\u00e9xico"},"content":{"rendered":"<p class=\"x_MsoNormal\"><b>Morelia; Michoac\u00e1n, 28 de septiembre de 2018<\/b>.- Cuauht\u00e9moc C\u00e1rdenas Sol\u00f3rzano es imprescindible en la democratizaci\u00f3n del pa\u00eds; su impronta en la izquierda mexicana es la de congruencia con los ideales y fortaleza para defenderlos, m\u00edstica que ha sido clave para llevar a Morena a la Presidencia de la Rep\u00fablica, expres\u00f3 Alfredo Ram\u00edrez Bedolla.<\/p>\n<p class=\"x_MsoNormal\">\u00a0El presidente de la Junta de Coordinaci\u00f3n Pol\u00edtica acompa\u00f1\u00f3 al ingeniero Cuauht\u00e9moc C\u00e1rdenas en la recepci\u00f3n de la Presea Vasco de Quiroga, que le fue otorgada por el Cabildo de P\u00e1tzcuaro en Sesi\u00f3n Solemne.<\/p>\n<p class=\"x_MsoNormal\">En el Teatro Emperador Caltzontzin, C\u00e1rdenas Sol\u00f3rzano y Ram\u00edrez Bedolla coincidieron en la importancia de defender a la Universidad Michoacana de San Nicol\u00e1s de Hidalgo, e impulsar que sea reconocida como una instituci\u00f3n nacional, objetivo que, se\u00f1alaron, requiere del esfuerzo de todos los michoacanos y del cierre de filas de los nicolaitas para que den lo mejor de su inteligencia colectiva.<\/p>\n","protected":false},"excerpt":{"rendered":"<p>Morelia; Michoac\u00e1n, 28 de septiembre de 2018.- Cuauht\u00e9moc C\u00e1rdenas Sol\u00f3rzano es imprescindible en la democratizaci\u00f3n del pa\u00eds; su impronta en la izquierda mexicana es la de congruencia con los ideales y fortaleza para defenderlos, m\u00edstica que ha sido clave para llevar a Morena a la Presidencia de la Rep\u00fablica, expres\u00f3 Alfredo Ram\u00edrez Bedolla. \u00a0El presidente [&hellip;]<\/p>\n","protected":false},"author":2,"featured_media":56927,"comment_status":"closed","ping_status":"closed","sticky":false,"template":"","format":"standard","meta":{"footnotes":""},"categories":[6],"tags":[],"class_list":["post-56926","post","type-post","status-publish","format-standard","has-post-thumbnail","hentry","category-congreso-del-estado"],"_links":{"self":[{"href":"https:\/\/radiowebmx.com\/nota\/wp-json\/wp\/v2\/posts\/56926","targetHints":{"allow":["GET"]}}],"collection":[{"href":"https:\/\/radiowebmx.com\/nota\/wp-json\/wp\/v2\/posts"}],"about":[{"href":"https:\/\/radiowebmx.com\/nota\/wp-json\/wp\/v2\/types\/post"}],"author":[{"embeddable":true,"href":"https:\/\/radiowebmx.com\/nota\/wp-json\/wp\/v2\/users\/2"}],"replies":[{"embeddable":true,"href":"https:\/\/radiowebmx.com\/nota\/wp-json\/wp\/v2\/comments?post=56926"}],"version-history":[{"count":1,"href":"https:\/\/radiowebmx.com\/nota\/wp-json\/wp\/v2\/posts\/56926\/revisions"}],"predecessor-version":[{"id":56928,"href":"https:\/\/radiowebmx.com\/nota\/wp-json\/wp\/v2\/posts\/56926\/revisions\/56928"}],"wp:featuredmedia":[{"embeddable":true,"href":"https:\/\/radiowebmx.com\/nota\/wp-json\/wp\/v2\/media\/56927"}],"wp:attachment":[{"href":"https:\/\/radiowebmx.com\/nota\/wp-json\/wp\/v2\/media?parent=56926"}],"wp:term":[{"taxonomy":"category","embeddable":true,"href":"https:\/\/radiowebmx.com\/nota\/wp-json\/wp\/v2\/categories?post=56926"},{"taxonomy":"post_tag","embeddable":true,"href":"https:\/\/radiowebmx.com\/nota\/wp-json\/wp\/v2\/tags?post=56926"}],"curies":[{"name":"wp","href":"https:\/\/api.w.org\/{rel}","templated":true}]}}