{"id":56914,"date":"2018-09-28T13:02:15","date_gmt":"2018-09-28T18:02:15","guid":{"rendered":"https:\/\/radiowebmx.com\/nota\/?p=56914"},"modified":"2018-09-28T13:02:15","modified_gmt":"2018-09-28T18:02:15","slug":"en-gira-de-trabajo-octavio-ocampo-atiende-a-huetamenses-y-entrega-apoyos","status":"publish","type":"post","link":"https:\/\/radiowebmx.com\/nota\/en-gira-de-trabajo-octavio-ocampo-atiende-a-huetamenses-y-entrega-apoyos\/","title":{"rendered":"En gira de trabajo Octavio Ocampo atiende a huetamenses y entrega apoyos"},"content":{"rendered":"<p class=\"x_gmail-MsoListParagraphCxSpFirst\">\u00b7\u00a0\u00a0\u00a0\u00a0\u00a0\u00a0\u00a0\u00a0\u00a0<i>Se reuni\u00f3 tambi\u00e9n con integrantes del Cabildo y acuerdan impulsar juntos proyectos para el progreso de Huetamo<\/i><\/p>\n<p class=\"x_gmail-MsoListParagraphCxSpMiddle\">\u00b7\u00a0\u00a0\u00a0\u00a0\u00a0\u00a0\u00a0\u00a0\u00a0<i>Entrega escritorios a escuela primaria<\/i><\/p>\n<p class=\"x_gmail-MsoListParagraphCxSpLast\">\u00b7\u00a0\u00a0\u00a0\u00a0\u00a0\u00a0\u00a0\u00a0\u00a0<i>Instalar\u00e1 tres casas de gesti\u00f3n para atender de manera directa a los ciudadanos de su regi\u00f3n<\/i><\/p>\n<p class=\"x_MsoNormal\"><b>\u00a0<\/b><\/p>\n<p class=\"x_MsoNormal\"><b>Morelia; Michoac\u00e1n, 27 de septiembre de 2018<\/b>.-\u00a0Comprometido con el progreso y bienestar de los ciudadanos que conforman su distrito, el diputado local, Octavio Ocampo C\u00f3rdova realiz\u00f3 una gira de trabajo para atender los planteamientos de la poblaci\u00f3n de Huetamo y hacer entrega de apoyos; adem\u00e1s se reuni\u00f3 con las autoridades municipales con quienes pact\u00f3 caminar juntos para impulsar desarrollo en beneficio de las y los huetamenses.<\/p>\n<p class=\"x_MsoNormal\">Durante una gira de trabajo por el municipio de Huetamo, el legislador visit\u00f3 la Escuela Primaria Urbana Federal 20 de Noviembre acompa\u00f1ado del presidente municipal Juan Luis Garc\u00eda, en donde fueron recibidos por el personal docente, estudiantes y padres de familia, encabezados por Pablo Varona Estrada, quienes expusieron las necesidades de dicho plantel educativo.<\/p>\n<p class=\"x_MsoNormal\">Ah\u00ed Octavio Ocampo manifest\u00f3 todo su respaldo en las acciones que contribuyan a fortalecer al sector educativo, el cual es clave para el crecimiento y progreso del estado, por lo que \u00e9l ser\u00e1 un aliado de este sector.<\/p>\n<p class=\"x_MsoNormal\">En ese contexto, el diputado local integrante del Grupo Parlamentario del PRD en la LXXIV Legislatura Local atendi\u00f3 la solicitud del director de la escuela Tom\u00e1s Dami\u00e1n Reyna\u00a0 y de Pablo Varona presidente del Comit\u00e9 de Padres de Familia, a quienes hizo entrega de escritorios que se requieren en dicha instituci\u00f3n acad\u00e9mica.<\/p>\n<p class=\"x_MsoNormal\">Durante la entrega de apoyos el personal de la instituci\u00f3n educativa y padres de familia agradecieron al diputado local su apoyo y reconocieron en \u00e9l su compromiso por atender y coadyuvar en la soluci\u00f3n de las necesidades de la poblaci\u00f3n de su regi\u00f3n.<\/p>\n<p class=\"x_MsoNormal\">Continuando con su gira de trabajo, el legislador se reuni\u00f3 con el Cabildo de Huetamo, encabezados por el edil Juan Luis Garc\u00eda, con quienes acordaron cerrar filas en las gestiones para el municipio, con el objetivo de construir un mejor presente para los ciudadanos.<\/p>\n<p class=\"x_MsoNormal\">Asimismo durante su gira de trabajo el legislador se reuni\u00f3 con distintos sectores de la poblaci\u00f3n de quienes recibi\u00f3 diversas propuestas en materia legislativa, adem\u00e1s de solicitudes en lo que se refiere a gesti\u00f3n.<\/p>\n<p class=\"x_MsoNormal\">\n<p class=\"x_MsoNormal\">Finalmente Octavio Ocampo anunci\u00f3 que en su Distrito de Huetamo instalar\u00e1 tres casa de gesti\u00f3n, en donde brindar\u00e1 atenci\u00f3n directa a sus representados, ya que est\u00e1 convencido que el mejor aliado de un represente popular son los ciudadanos, por lo que legislar\u00e1 cercano a ellos, por lo que determin\u00f3 tener tres casas de enlace en la regi\u00f3n.<\/p>\n","protected":false},"excerpt":{"rendered":"<p>\u00b7\u00a0\u00a0\u00a0\u00a0\u00a0\u00a0\u00a0\u00a0\u00a0Se reuni\u00f3 tambi\u00e9n con integrantes del Cabildo y acuerdan impulsar juntos proyectos para el progreso de Huetamo \u00b7\u00a0\u00a0\u00a0\u00a0\u00a0\u00a0\u00a0\u00a0\u00a0Entrega escritorios a escuela primaria \u00b7\u00a0\u00a0\u00a0\u00a0\u00a0\u00a0\u00a0\u00a0\u00a0Instalar\u00e1 tres casas de gesti\u00f3n para atender de manera directa a los ciudadanos de su regi\u00f3n \u00a0 Morelia; Michoac\u00e1n, 27 de septiembre de 2018.-\u00a0Comprometido con el progreso y bienestar de los ciudadanos que [&hellip;]<\/p>\n","protected":false},"author":2,"featured_media":56912,"comment_status":"closed","ping_status":"closed","sticky":false,"template":"","format":"standard","meta":{"footnotes":""},"categories":[6,19],"tags":[],"class_list":["post-56914","post","type-post","status-publish","format-standard","has-post-thumbnail","hentry","category-congreso-del-estado","category-grupo-parlamentario-del-prd"],"_links":{"self":[{"href":"https:\/\/radiowebmx.com\/nota\/wp-json\/wp\/v2\/posts\/56914","targetHints":{"allow":["GET"]}}],"collection":[{"href":"https:\/\/radiowebmx.com\/nota\/wp-json\/wp\/v2\/posts"}],"about":[{"href":"https:\/\/radiowebmx.com\/nota\/wp-json\/wp\/v2\/types\/post"}],"author":[{"embeddable":true,"href":"https:\/\/radiowebmx.com\/nota\/wp-json\/wp\/v2\/users\/2"}],"replies":[{"embeddable":true,"href":"https:\/\/radiowebmx.com\/nota\/wp-json\/wp\/v2\/comments?post=56914"}],"version-history":[{"count":1,"href":"https:\/\/radiowebmx.com\/nota\/wp-json\/wp\/v2\/posts\/56914\/revisions"}],"predecessor-version":[{"id":56915,"href":"https:\/\/radiowebmx.com\/nota\/wp-json\/wp\/v2\/posts\/56914\/revisions\/56915"}],"wp:featuredmedia":[{"embeddable":true,"href":"https:\/\/radiowebmx.com\/nota\/wp-json\/wp\/v2\/media\/56912"}],"wp:attachment":[{"href":"https:\/\/radiowebmx.com\/nota\/wp-json\/wp\/v2\/media?parent=56914"}],"wp:term":[{"taxonomy":"category","embeddable":true,"href":"https:\/\/radiowebmx.com\/nota\/wp-json\/wp\/v2\/categories?post=56914"},{"taxonomy":"post_tag","embeddable":true,"href":"https:\/\/radiowebmx.com\/nota\/wp-json\/wp\/v2\/tags?post=56914"}],"curies":[{"name":"wp","href":"https:\/\/api.w.org\/{rel}","templated":true}]}}