{"id":56911,"date":"2018-09-28T12:55:58","date_gmt":"2018-09-28T17:55:58","guid":{"rendered":"https:\/\/radiowebmx.com\/nota\/?p=56911"},"modified":"2018-09-28T12:55:58","modified_gmt":"2018-09-28T17:55:58","slug":"lupillo-aguilera-plantea-reforma-para-que-el-presidente-de-la-republica-rinda-informe-ante-el-congreso","status":"publish","type":"post","link":"https:\/\/radiowebmx.com\/nota\/lupillo-aguilera-plantea-reforma-para-que-el-presidente-de-la-republica-rinda-informe-ante-el-congreso\/","title":{"rendered":"Lupillo Aguilera plantea reforma para que el Presidente  de la Rep\u00fablica rinda informe ante el Congreso"},"content":{"rendered":"<p class=\"x_m_5404285979490910954m_2964262460582315754m_190441534306547837gmail-MsoListParagraph\">\u00b7\u00a0\u00a0\u00a0\u00a0\u00a0\u00a0\u00a0\u00a0\u00a0Plantea reforma al art\u00edculo 69 constitucional<\/p>\n<p class=\"x_MsoNormal\">\n<p class=\"x_MsoNormal\">A fin de fortalecer la relaci\u00f3n entre poderes y restablecer la obligaci\u00f3n del titular del Presidente de la Rep\u00fablica de rendir personalmente el informe de gobierno ante el Congreso de la Uni\u00f3n, el diputado federal del PRD, Jos\u00e9 Guadalupe Aguilera Rojas, propuso reformar el art\u00edculo 69 la Constituci\u00f3n Pol\u00edtica.<\/p>\n<p class=\"x_MsoNormal\">El diputado federal por el Distrito de P\u00e1tzcuaro al hacer uso de la tribuna explic\u00f3 que su iniciativa propone modificar el primer p\u00e1rrafo del art\u00edculo 69 de la Carta Magna y adicionar un segundo p\u00e1rrafo al mismo art\u00edculo a efecto que en la apertura de sesiones ordinarias del primer periodo de cada a\u00f1o, el mandatario acuda al pleno del Congreso de la Uni\u00f3n a dar un mensaje pol\u00edtico y a entregar por escrito el informe de gobierno.<\/p>\n<p class=\"x_MsoNormal\">\u00a0Adem\u00e1s, que en fecha posterior acuda a la C\u00e1mara de Diputados a exponer lo fundamental de su informe y sostener un intercambio de opiniones con la representaci\u00f3n nacional. Una vez concluido este acto, iniciar\u00e1 la glosa y el an\u00e1lisis del informe conforme a los art\u00edculos 69 y 93 de esta Constituci\u00f3n, explic\u00f3 el legislador por el estado de Michoac\u00e1n.<\/p>\n<p class=\"x_MsoNormal\">Record\u00f3 que en 2008 se hizo la reforma al art\u00edculo 69 para eliminar la asistencia del Presidente a la apertura del primer periodo de sesiones del Congreso.<\/p>\n<p class=\"x_MsoNormal\">Sostuvo que este cambio es necesario revertirlo ante el \u201cevidente deterioro de las relaciones entre el Ejecutivo y Legislativo, ya que ello contribuye a una falta de comunicaci\u00f3n y alejamiento de estos dos poderes en detrimento del quehacer p\u00fablico\u201d.<\/p>\n<p class=\"x_MsoNormal\">Indic\u00f3 que la no obligaci\u00f3n del titular del Ejecutivo para presentar personalmente su informe sobre el estado que guarda la naci\u00f3n, \u201cha generado m\u00e1s perjuicios que beneficios, pues no solo ha marcado una mayor distancia entre estos dos poderes, sino que adem\u00e1s ha obstaculizado la colaboraci\u00f3n entre los mismos y ha limitado el di\u00e1logo\u201d, lo que tensa una relaci\u00f3n que debiera ser respetuosa y de entendimiento.<\/p>\n<p class=\"x_MsoNormal\">El Congreso mexicano debe evolucionar para configurarse como uno de los poderes esenciales de un sistema presidencial con caracter\u00edsticas e instrumentos parlamentarios, en donde el di\u00e1logo entre poderes, la rendici\u00f3n de cuentas del Ejecutivo al Legislativo y la fiscalizaci\u00f3n de las tareas y del uso de los recursos p\u00fablicos del Ejecutivo, deben fortalecerse\u201d, a\u00f1adi\u00f3.<\/p>\n<p class=\"x_MsoNormal\">Aguilera Rojas subray\u00f3 que la asistencia del Presidente ante el Congreso de la Uni\u00f3n, \u201cm\u00e1s que un acto protocolario es una forma que puede contribuir a reanudar la relaci\u00f3n respetuosa entre estos dos poderes\u2026 y a elevar el nivel del discurso pol\u00edtico\u201d.<\/p>\n<p class=\"x_MsoNormal\">Es indispensable por el bien del pa\u00eds, \u201crestablecer un mecanismo de control pol\u00edtico que adem\u00e1s de exigir capacidad, eficiencia y responsabilidad a quienes se les encomienda el gobierno de nuestro pa\u00eds, provean de los instrumentos legales para producir los cambios necesarios, se\u00f1al\u00f3.<\/p>\n","protected":false},"excerpt":{"rendered":"<p>\u00b7\u00a0\u00a0\u00a0\u00a0\u00a0\u00a0\u00a0\u00a0\u00a0Plantea reforma al art\u00edculo 69 constitucional A fin de fortalecer la relaci\u00f3n entre poderes y restablecer la obligaci\u00f3n del titular del Presidente de la Rep\u00fablica de rendir personalmente el informe de gobierno ante el Congreso de la Uni\u00f3n, el diputado federal del PRD, Jos\u00e9 Guadalupe Aguilera Rojas, propuso reformar el art\u00edculo 69 la Constituci\u00f3n Pol\u00edtica. [&hellip;]<\/p>\n","protected":false},"author":2,"featured_media":56912,"comment_status":"closed","ping_status":"closed","sticky":false,"template":"","format":"standard","meta":{"footnotes":""},"categories":[6,19],"tags":[],"class_list":["post-56911","post","type-post","status-publish","format-standard","has-post-thumbnail","hentry","category-congreso-del-estado","category-grupo-parlamentario-del-prd"],"_links":{"self":[{"href":"https:\/\/radiowebmx.com\/nota\/wp-json\/wp\/v2\/posts\/56911","targetHints":{"allow":["GET"]}}],"collection":[{"href":"https:\/\/radiowebmx.com\/nota\/wp-json\/wp\/v2\/posts"}],"about":[{"href":"https:\/\/radiowebmx.com\/nota\/wp-json\/wp\/v2\/types\/post"}],"author":[{"embeddable":true,"href":"https:\/\/radiowebmx.com\/nota\/wp-json\/wp\/v2\/users\/2"}],"replies":[{"embeddable":true,"href":"https:\/\/radiowebmx.com\/nota\/wp-json\/wp\/v2\/comments?post=56911"}],"version-history":[{"count":1,"href":"https:\/\/radiowebmx.com\/nota\/wp-json\/wp\/v2\/posts\/56911\/revisions"}],"predecessor-version":[{"id":56913,"href":"https:\/\/radiowebmx.com\/nota\/wp-json\/wp\/v2\/posts\/56911\/revisions\/56913"}],"wp:featuredmedia":[{"embeddable":true,"href":"https:\/\/radiowebmx.com\/nota\/wp-json\/wp\/v2\/media\/56912"}],"wp:attachment":[{"href":"https:\/\/radiowebmx.com\/nota\/wp-json\/wp\/v2\/media?parent=56911"}],"wp:term":[{"taxonomy":"category","embeddable":true,"href":"https:\/\/radiowebmx.com\/nota\/wp-json\/wp\/v2\/categories?post=56911"},{"taxonomy":"post_tag","embeddable":true,"href":"https:\/\/radiowebmx.com\/nota\/wp-json\/wp\/v2\/tags?post=56911"}],"curies":[{"name":"wp","href":"https:\/\/api.w.org\/{rel}","templated":true}]}}