{"id":5691,"date":"2014-02-25T10:59:17","date_gmt":"2014-02-25T16:59:17","guid":{"rendered":"https:\/\/radiowebmx.com\/nota\/?p=5691"},"modified":"2014-02-25T10:59:17","modified_gmt":"2014-02-25T16:59:17","slug":"ninos-michoacanos-alzan-la-voz-juntos-lo-vamos-a-lograr","status":"publish","type":"post","link":"https:\/\/radiowebmx.com\/nota\/ninos-michoacanos-alzan-la-voz-juntos-lo-vamos-a-lograr\/","title":{"rendered":"NI\u00d1OS MICHOACANOS ALZAN LA VOZ: \u201cJUNTOS LO VAMOS A LOGRAR\u201d"},"content":{"rendered":"<p><a href=\"https:\/\/radiowebmx.com\/nota\/wp-content\/uploads\/2014\/02\/DSC_5533.jpg\"><img loading=\"lazy\" decoding=\"async\" class=\"alignleft size-full wp-image-5692\" alt=\"DSC_5533\" src=\"https:\/\/radiowebmx.com\/nota\/wp-content\/uploads\/2014\/02\/DSC_5533.jpg\" width=\"1930\" height=\"1282\" \/><\/a>El gobernador del estado, Fausto Vallejo Figueroa, acompa\u00f1ado por el comisionado para la Seguridad y Desarrollo Integral, Alfredo Castillo Cervantes, asisti\u00f3 al Concierto por la Paz a cargo del Coro Monumental Suma de Voluntades, donde en una avenida Madero plet\u00f3rica, los ni\u00f1os y j\u00f3venes michoacanos alzaron la voz al un\u00edsono: \u201cjuntos lo vamos a lograr\u201d, con la finalidad de enviar un mensaje de unidad y tranquilidad a la poblaci\u00f3n, para tener un mejor Michoac\u00e1n.<\/p>\n<p>\u201cCasas de Cart\u00f3n\u201d, \u201cColor esperanza\u201d, \u201cJuan colorado\u201d, \u201cAmigos para siempre\u201d, y sin dejar de entonar el Himno Nacional Mexicano, fueron interpretadas por los peque\u00f1ines que viven en colonias en situaci\u00f3n de vulnerabilidad y quienes forman parte de una estrategia para combatir la violencia escolar, familiar y adicciones en los j\u00f3venes, a partir del fomento de la m\u00fasica.<\/p>\n<p>Iluminados por las \u00a0luces de la Catedral de Morelia y pirotecnia, los cientos de asistentes se hicieron part\u00edcipes de este magno concierto con aplausos, cantos y sonrisas, para unirse al festejo disfrutando tambi\u00e9n de interpretaciones a manera de popurr\u00ed de las mundialmente conocidas \u201cCielito lindo\u201d y \u201cViva M\u00e9xico\u201d, que provocaron que las autoridades presentes se levantaran de sus asientos y usaran sus c\u00e1maras para imprimir en fotograf\u00edas este grato momento.<\/p>\n<p>As\u00ed, en este festejo a la Bandera Nacional la audiencia confirm\u00f3 por qu\u00e9 Michoac\u00e1n es conocido como \u201cel alma de M\u00e9xico\u201d, cuyo valor est\u00e1 en su gente que ante las adversidades, revive la esperanza en cada momento y enaltece el significado de nuestros S\u00edmbolos Patrios.<\/p>\n<p>Presidieron tambi\u00e9n este evento, el secretario de Gobierno estatal, Jes\u00fas Reyna Garc\u00eda; el alcalde de Morelia, Wilfrido L\u00e1zaro M\u00e9dina; la presidenta del DIF municipal, Maggy Oribio de L\u00e1zaro; el jefe de la oficina adjunta al Despacho del gobernador, Guillermo Guzm\u00e1n Fuentes, y el presidente de la Mesa Directiva del Congreso del Estado, diputado Alfonso Mart\u00ednez Alc\u00e1zar.<\/p>\n<p>&nbsp;<\/p>\n<p>&nbsp;<\/p>\n","protected":false},"excerpt":{"rendered":"<p>El gobernador del estado, Fausto Vallejo Figueroa, acompa\u00f1ado por el comisionado para la Seguridad y Desarrollo Integral, Alfredo Castillo Cervantes, asisti\u00f3 al Concierto por la Paz a cargo del Coro Monumental Suma de Voluntades, donde en una avenida Madero plet\u00f3rica, <\/p>\n","protected":false},"author":1,"featured_media":0,"comment_status":"open","ping_status":"open","sticky":false,"template":"","format":"standard","meta":{"footnotes":""},"categories":[14,3],"tags":[],"class_list":["post-5691","post","type-post","status-publish","format-standard","hentry","category-destacadas","category-gobierno-del-estado-de-michoacan"],"_links":{"self":[{"href":"https:\/\/radiowebmx.com\/nota\/wp-json\/wp\/v2\/posts\/5691","targetHints":{"allow":["GET"]}}],"collection":[{"href":"https:\/\/radiowebmx.com\/nota\/wp-json\/wp\/v2\/posts"}],"about":[{"href":"https:\/\/radiowebmx.com\/nota\/wp-json\/wp\/v2\/types\/post"}],"author":[{"embeddable":true,"href":"https:\/\/radiowebmx.com\/nota\/wp-json\/wp\/v2\/users\/1"}],"replies":[{"embeddable":true,"href":"https:\/\/radiowebmx.com\/nota\/wp-json\/wp\/v2\/comments?post=5691"}],"version-history":[{"count":2,"href":"https:\/\/radiowebmx.com\/nota\/wp-json\/wp\/v2\/posts\/5691\/revisions"}],"predecessor-version":[{"id":5694,"href":"https:\/\/radiowebmx.com\/nota\/wp-json\/wp\/v2\/posts\/5691\/revisions\/5694"}],"wp:attachment":[{"href":"https:\/\/radiowebmx.com\/nota\/wp-json\/wp\/v2\/media?parent=5691"}],"wp:term":[{"taxonomy":"category","embeddable":true,"href":"https:\/\/radiowebmx.com\/nota\/wp-json\/wp\/v2\/categories?post=5691"},{"taxonomy":"post_tag","embeddable":true,"href":"https:\/\/radiowebmx.com\/nota\/wp-json\/wp\/v2\/tags?post=5691"}],"curies":[{"name":"wp","href":"https:\/\/api.w.org\/{rel}","templated":true}]}}