{"id":5688,"date":"2014-02-25T10:57:14","date_gmt":"2014-02-25T16:57:14","guid":{"rendered":"https:\/\/radiowebmx.com\/nota\/?p=5688"},"modified":"2014-02-25T10:57:14","modified_gmt":"2014-02-25T16:57:14","slug":"abandera-secretario-de-educacion-escoltas-de-escuelas-de-cheran","status":"publish","type":"post","link":"https:\/\/radiowebmx.com\/nota\/abandera-secretario-de-educacion-escoltas-de-escuelas-de-cheran\/","title":{"rendered":"ABANDERA SECRETARIO DE EDUCACI\u00d3N ESCOLTAS DE ESCUELAS DE CHER\u00c1N"},"content":{"rendered":"<p><a href=\"https:\/\/radiowebmx.com\/nota\/wp-content\/uploads\/2014\/02\/TD7A1062.jpg\"><img loading=\"lazy\" decoding=\"async\" class=\"alignleft size-full wp-image-5689\" alt=\"TD7A1062\" src=\"https:\/\/radiowebmx.com\/nota\/wp-content\/uploads\/2014\/02\/TD7A1062.jpg\" width=\"591\" height=\"306\" \/><\/a>Al presidir el abanderamiento de 29 Escoltas de igual n\u00famero de escuelas de Cher\u00e1n con motivo del D\u00eda de la Bandera y a nombre del gobernador Fausto Vallejo Figueroa, el secretario de Educaci\u00f3n de la entidad, J. Jes\u00fas Sierra Arias, reconoci\u00f3 que este municipio de la Meseta Pur\u00e9pecha, es un pueblo decidido a conservar sus tradiciones, que sin dejar de ver su pasado honroso e hist\u00f3rico, tambi\u00e9n quiere ver al futuro y que sus habitantes progresen.<\/p>\n<p>Acompa\u00f1ado por los integrantes del Concejo Mayor de Cher\u00e1n, el encargado de la pol\u00edtica educativa en la entidad destac\u00f3 que la actual administraci\u00f3n estatal tiene para esta comunidad un proyecto de educaci\u00f3n que implica el rescate de la lengua originaria, pero adem\u00e1s tiene el compromiso de mejorar la infraestructura de las escuelas.<\/p>\n<p>&nbsp;<\/p>\n<p>\u201cEl gobernador Fausto Vallejo me ha pedido que sea claro y que sea preciso en este tema: Cher\u00e1n es, como muchos otros pueblos, un ejemplo de lo que no debemos ni queremos perder\u201d, dijo el secretario de Educaci\u00f3n, ante el Concejo Mayor, adem\u00e1s de maestros y alumnos que se dieron cita en la plaza principal.<\/p>\n<p><b>\u00a0<\/b><\/p>\n<p>Tras destacar el trabajo y la organizaci\u00f3n de este pueblo, Jes\u00fas Sierra Arias se\u00f1al\u00f3 que el jefe del Ejecutivo estatal le pidi\u00f3 ser enf\u00e1tico con los cheranenses y dejar en claro que el Gobierno del Estado seguir\u00e1 cumpliendo con la responsabilidad constitucional que tiene de apoyar a todos los pueblos por igual.<\/p>\n<p>&nbsp;<\/p>\n<p>\u201cQuiere decirle al Concejo Mayor que somos respetuosos de lo que ustedes significan internamente, que somos respetuosos de las personas que han tomado una decisi\u00f3n y que todos, ustedes, nosotros y el pueblo, mejoraremos las condiciones en las que vivimos\u201d, agreg\u00f3 el representante del gobernador.<\/p>\n<p>&nbsp;<\/p>\n<p>En otra parte de su discurso, Sierra Arias mencion\u00f3 que la Ense\u00f1a Nacional significa para los mexicanos unidad, respeto, armon\u00eda: unidad de prop\u00f3sitos, la idea de ser mejores y el orgullo de ser mexicanos. \u201cNosotros, al estar en este lugar tan importante no s\u00f3lo para Michoac\u00e1n sino para M\u00e9xico entero, estamos d\u00e1ndole un significado especial a este acto\u201d, apunt\u00f3.<\/p>\n<p>&nbsp;<\/p>\n<p>\u201cEl verde significa nuestra esperanza en el pueblo mismo; el blanco la paz y la armon\u00eda de la que disfrutamos y no queremos perder, la paz que se vive en una democracia civilizada en la que se respeta al diferente, al distinto y en la que se respeta la dignidad de las personas; el rojo significa el amor y la pasi\u00f3n por M\u00e9xico y por lo que creemos y estamos convencidos\u201d, dijo.<\/p>\n<p>&nbsp;<\/p>\n<p>Reiter\u00f3 que el pueblo de Cher\u00e1n es un ejemplo de ese amor y de esa pasi\u00f3n porque est\u00e1 convencido que rescatando su cultura, sus usos y tradiciones pueden ser mejores sin perder el pasado que tanto nos honra. Manifest\u00f3 que juntos, autoridades y ciudadan\u00eda, pueden abrazar los mismos prop\u00f3sitos, pero lo m\u00e1s importante es cumplir con la ley.<\/p>\n<p>&nbsp;<\/p>\n<p>\u201cNo podr\u00edamos conseguir ning\u00fan prop\u00f3sito si estuvi\u00e9ramos desunidos y la bandera para nosotros significa eso: uni\u00f3n, grandeza, esperanza, orgullo y todo lo que nos pueda llevar a distinguirnos como pueblo en el concierto de las naciones. M\u00e9xico es uno, pero dentro de M\u00e9xico conviven muchos <i>M\u00e9xicos<\/i> y dentro de esos muchos <i>M\u00e9xicos<\/i>, finalmente somos uno solo hacia el resto del mundo\u201d, concluy\u00f3.<\/p>\n<p>&nbsp;<\/p>\n","protected":false},"excerpt":{"rendered":"<p>Al presidir el abanderamiento de 29 Escoltas de igual n\u00famero de escuelas de Cher\u00e1n con motivo del D\u00eda de la Bandera y a nombre del gobernador Fausto Vallejo Figueroa, el secretario de Educaci\u00f3n de la entidad, <\/p>\n","protected":false},"author":1,"featured_media":0,"comment_status":"open","ping_status":"open","sticky":false,"template":"","format":"standard","meta":{"footnotes":""},"categories":[14,3],"tags":[],"class_list":["post-5688","post","type-post","status-publish","format-standard","hentry","category-destacadas","category-gobierno-del-estado-de-michoacan"],"_links":{"self":[{"href":"https:\/\/radiowebmx.com\/nota\/wp-json\/wp\/v2\/posts\/5688","targetHints":{"allow":["GET"]}}],"collection":[{"href":"https:\/\/radiowebmx.com\/nota\/wp-json\/wp\/v2\/posts"}],"about":[{"href":"https:\/\/radiowebmx.com\/nota\/wp-json\/wp\/v2\/types\/post"}],"author":[{"embeddable":true,"href":"https:\/\/radiowebmx.com\/nota\/wp-json\/wp\/v2\/users\/1"}],"replies":[{"embeddable":true,"href":"https:\/\/radiowebmx.com\/nota\/wp-json\/wp\/v2\/comments?post=5688"}],"version-history":[{"count":1,"href":"https:\/\/radiowebmx.com\/nota\/wp-json\/wp\/v2\/posts\/5688\/revisions"}],"predecessor-version":[{"id":5690,"href":"https:\/\/radiowebmx.com\/nota\/wp-json\/wp\/v2\/posts\/5688\/revisions\/5690"}],"wp:attachment":[{"href":"https:\/\/radiowebmx.com\/nota\/wp-json\/wp\/v2\/media?parent=5688"}],"wp:term":[{"taxonomy":"category","embeddable":true,"href":"https:\/\/radiowebmx.com\/nota\/wp-json\/wp\/v2\/categories?post=5688"},{"taxonomy":"post_tag","embeddable":true,"href":"https:\/\/radiowebmx.com\/nota\/wp-json\/wp\/v2\/tags?post=5688"}],"curies":[{"name":"wp","href":"https:\/\/api.w.org\/{rel}","templated":true}]}}