{"id":5686,"date":"2014-02-25T10:52:13","date_gmt":"2014-02-25T16:52:13","guid":{"rendered":"https:\/\/radiowebmx.com\/nota\/?p=5686"},"modified":"2014-02-25T10:52:13","modified_gmt":"2014-02-25T16:52:13","slug":"necesario-generar-condiciones-para-contrarrestar-el-desempleo-en-el-pais-maria-eugenia-mendez","status":"publish","type":"post","link":"https:\/\/radiowebmx.com\/nota\/necesario-generar-condiciones-para-contrarrestar-el-desempleo-en-el-pais-maria-eugenia-mendez\/","title":{"rendered":"Necesario generar condiciones para contrarrestar el desempleo en el pa\u00eds: Mar\u00eda Eugenia M\u00e9ndez"},"content":{"rendered":"<p><a href=\"https:\/\/radiowebmx.com\/nota\/wp-content\/uploads\/2013\/08\/Dip.-Mar\u00eda-Eugenia-M\u00e9ndez.jpg\"><img loading=\"lazy\" decoding=\"async\" class=\"alignleft size-full wp-image-3307\" alt=\"Dip. Mar\u00eda Eugenia M\u00e9ndez\" src=\"https:\/\/radiowebmx.com\/nota\/wp-content\/uploads\/2013\/08\/Dip.-Mar\u00eda-Eugenia-M\u00e9ndez.jpg\" width=\"591\" height=\"335\" \/><\/a>\u201cFomentar la inversi\u00f3n y generar mejores condiciones a favor de productores y empleadores resulta indispensable en la recuperaci\u00f3n del desarrollo en Michoac\u00e1n&#8221;, se\u00f1al\u00f3 la diputada Mar\u00eda Eugenia M\u00e9ndez.<\/p>\n<p>Asimismo, dijo que \u00a0las fuentes de empleo son\u00a0el medio id\u00f3neo \u00a0para lograr un desarrollo social sustentable en la entidad y por lo tanto su fomento debe ser una pol\u00edtica p\u00fablica permanente, dejando los apoyos asistenciales \u00fanicamente como medidas emergentes y transitorias.<\/p>\n<p>&nbsp;<\/p>\n<p>Luego que el Instituto Nacional de Estad\u00edstica y Geograf\u00eda (INEGI) dio a conocer que la desocupaci\u00f3n a nivel nacional se vio afectada en un 5.05 por ciento de la poblaci\u00f3n econ\u00f3micamente activa (PEA) en las 32 principales ciudades del pa\u00eds.<\/p>\n<p>&nbsp;<\/p>\n<p>Estas cifras demuestran como cada vez es m\u00e1s complicado acceder a un trabajo remunerado debido a la falta de fuentes de empleo en el pa\u00eds, especialmente en entidades como Michoac\u00e1n donde se atraviesan tiempos dif\u00edciles.<\/p>\n<p>&nbsp;<\/p>\n<p>La legisladora albiazul, se\u00f1al\u00f3 que en Michoac\u00e1n aproximadamente 344 mil j\u00f3venes de entre 15 y 29 a\u00f1os de edad no realizan ninguna actividad productiva\u00a0\u201cenfrentan carencias econ\u00f3micas que no permiten dar continuidad a sus estudios y tampoco hay oferta de empleo suficiente debido a la precaria situaci\u00f3n que atraviesa la entidad\u201d, subray\u00f3.<\/p>\n<p>&nbsp;<\/p>\n<p>Finalmente, la tambi\u00e9n Presidenta de la Comisi\u00f3n de Jurisdiccional en el Congreso del Estado se dijo a favor de intentar nuevas estrategias por parte del gobierno federal y estatal para que la poblaci\u00f3n en edad productiva encuentre un campo laboral f\u00e9rtil o al menos condiciones b\u00e1sicas para trabajar.<\/p>\n","protected":false},"excerpt":{"rendered":"<p>\u201cFomentar la inversi\u00f3n y generar mejores condiciones a favor de productores y empleadores resulta indispensable en la recuperaci\u00f3n del desarrollo en Michoac\u00e1n&#8221;, se\u00f1al\u00f3 la diputada Mar\u00eda Eugenia M\u00e9ndez.<\/p>\n","protected":false},"author":1,"featured_media":0,"comment_status":"open","ping_status":"open","sticky":false,"template":"","format":"standard","meta":{"footnotes":""},"categories":[6,14,8],"tags":[],"class_list":["post-5686","post","type-post","status-publish","format-standard","hentry","category-congreso-del-estado","category-destacadas","category-grupo-parlamentario-del-pan"],"_links":{"self":[{"href":"https:\/\/radiowebmx.com\/nota\/wp-json\/wp\/v2\/posts\/5686","targetHints":{"allow":["GET"]}}],"collection":[{"href":"https:\/\/radiowebmx.com\/nota\/wp-json\/wp\/v2\/posts"}],"about":[{"href":"https:\/\/radiowebmx.com\/nota\/wp-json\/wp\/v2\/types\/post"}],"author":[{"embeddable":true,"href":"https:\/\/radiowebmx.com\/nota\/wp-json\/wp\/v2\/users\/1"}],"replies":[{"embeddable":true,"href":"https:\/\/radiowebmx.com\/nota\/wp-json\/wp\/v2\/comments?post=5686"}],"version-history":[{"count":1,"href":"https:\/\/radiowebmx.com\/nota\/wp-json\/wp\/v2\/posts\/5686\/revisions"}],"predecessor-version":[{"id":5687,"href":"https:\/\/radiowebmx.com\/nota\/wp-json\/wp\/v2\/posts\/5686\/revisions\/5687"}],"wp:attachment":[{"href":"https:\/\/radiowebmx.com\/nota\/wp-json\/wp\/v2\/media?parent=5686"}],"wp:term":[{"taxonomy":"category","embeddable":true,"href":"https:\/\/radiowebmx.com\/nota\/wp-json\/wp\/v2\/categories?post=5686"},{"taxonomy":"post_tag","embeddable":true,"href":"https:\/\/radiowebmx.com\/nota\/wp-json\/wp\/v2\/tags?post=5686"}],"curies":[{"name":"wp","href":"https:\/\/api.w.org\/{rel}","templated":true}]}}