{"id":56817,"date":"2018-09-26T13:20:51","date_gmt":"2018-09-26T18:20:51","guid":{"rendered":"https:\/\/radiowebmx.com\/nota\/?p=56817"},"modified":"2018-09-26T13:20:51","modified_gmt":"2018-09-26T18:20:51","slug":"necesario-garantizar-por-ley-servicio-de-agua-potable-y-alcantarillado-erik-juarez","status":"publish","type":"post","link":"https:\/\/radiowebmx.com\/nota\/necesario-garantizar-por-ley-servicio-de-agua-potable-y-alcantarillado-erik-juarez\/","title":{"rendered":"Necesario garantizar por ley servicio de agua potable y alcantarillado: Erik Ju\u00e1rez"},"content":{"rendered":"<p style=\"font-weight: 400;\"><strong>La cobertura es del 89.3 por ciento en Michoac\u00e1n<\/strong><\/p>\n<p style=\"font-weight: 400;\">Es necesario garantizar por ley el servicio de alcantarillado y agua potable para todos los hogares michoacanos ya que al carecer de \u00e9ste, las personas ven vulnerado su derecho a la salud, apunt\u00f3 el diputado local Erik Ju\u00e1rez Blanquet.<\/p>\n<p style=\"font-weight: 400;\">El diputado local integrante del Grupo Parlamentario del PRD en la LXXIV Legislatura Local subray\u00f3 la responsabilidad de los gobiernos municipales el garantizar este servicio a los michoacanos que habitan en cada uno de los territorios bajo su jurisdicci\u00f3n, y el no hacerlo afecta los derechos m\u00e1s b\u00e1sicos de sus gobernados.<\/p>\n<p style=\"font-weight: 400;\">\u00a0\u201cEs verdad que en Michoac\u00e1n en los \u00faltimos a\u00f1os se ha logrado incrementar la cobertura en los servicios de alcantarillado, pero a\u00fan existe un porcentaje importante de poblaci\u00f3n que habita en sitios que no cuentan con este servicio\u201d.<\/p>\n<p style=\"font-weight: 400;\">Refiri\u00f3 que mientras en 2007 la cobertura del servicio de alcantarillado en Michoac\u00e1n era del 86.4 por ciento, para el 2010 sumaba un 88 por ciento y ya para el 2016 alcanz\u00f3 el 89.3 por ciento.<\/p>\n<p style=\"font-weight: 400;\">\u201cPero tenemos un 10.7 por ciento que no tiene cobertura del servicio y por tanto esa poblaci\u00f3n ve afectaciones de salud, lo que impacta directamente en su desarrollo\u201d.<\/p>\n<p style=\"font-weight: 400;\">Erik Ju\u00e1rez habl\u00f3 de la importancia de una revisi\u00f3n profunda a la Ley Org\u00e1nica Municipal y otros marcos normativos para que no haya omisi\u00f3n de los ayuntamientos y se ubique en primer\u00edsimo nivel el garantizar el servicio a todos los michoacanos.<\/p>\n","protected":false},"excerpt":{"rendered":"<p>La cobertura es del 89.3 por ciento en Michoac\u00e1n Es necesario garantizar por ley el servicio de alcantarillado y agua potable para todos los hogares michoacanos ya que al carecer de \u00e9ste, las personas ven vulnerado su derecho a la salud, apunt\u00f3 el diputado local Erik Ju\u00e1rez Blanquet. El diputado local integrante del Grupo Parlamentario [&hellip;]<\/p>\n","protected":false},"author":2,"featured_media":56818,"comment_status":"closed","ping_status":"closed","sticky":false,"template":"","format":"standard","meta":{"footnotes":""},"categories":[6,19],"tags":[],"class_list":["post-56817","post","type-post","status-publish","format-standard","has-post-thumbnail","hentry","category-congreso-del-estado","category-grupo-parlamentario-del-prd"],"_links":{"self":[{"href":"https:\/\/radiowebmx.com\/nota\/wp-json\/wp\/v2\/posts\/56817","targetHints":{"allow":["GET"]}}],"collection":[{"href":"https:\/\/radiowebmx.com\/nota\/wp-json\/wp\/v2\/posts"}],"about":[{"href":"https:\/\/radiowebmx.com\/nota\/wp-json\/wp\/v2\/types\/post"}],"author":[{"embeddable":true,"href":"https:\/\/radiowebmx.com\/nota\/wp-json\/wp\/v2\/users\/2"}],"replies":[{"embeddable":true,"href":"https:\/\/radiowebmx.com\/nota\/wp-json\/wp\/v2\/comments?post=56817"}],"version-history":[{"count":2,"href":"https:\/\/radiowebmx.com\/nota\/wp-json\/wp\/v2\/posts\/56817\/revisions"}],"predecessor-version":[{"id":56830,"href":"https:\/\/radiowebmx.com\/nota\/wp-json\/wp\/v2\/posts\/56817\/revisions\/56830"}],"wp:featuredmedia":[{"embeddable":true,"href":"https:\/\/radiowebmx.com\/nota\/wp-json\/wp\/v2\/media\/56818"}],"wp:attachment":[{"href":"https:\/\/radiowebmx.com\/nota\/wp-json\/wp\/v2\/media?parent=56817"}],"wp:term":[{"taxonomy":"category","embeddable":true,"href":"https:\/\/radiowebmx.com\/nota\/wp-json\/wp\/v2\/categories?post=56817"},{"taxonomy":"post_tag","embeddable":true,"href":"https:\/\/radiowebmx.com\/nota\/wp-json\/wp\/v2\/tags?post=56817"}],"curies":[{"name":"wp","href":"https:\/\/api.w.org\/{rel}","templated":true}]}}