{"id":5675,"date":"2014-02-25T10:41:11","date_gmt":"2014-02-25T16:41:11","guid":{"rendered":"https:\/\/radiowebmx.com\/nota\/?p=5675"},"modified":"2014-02-25T10:41:11","modified_gmt":"2014-02-25T16:41:11","slug":"en-morelia-investigadores-y-especialistas-del-pais-expondran-propuestas-de-solucion-a-problemas-urbanos","status":"publish","type":"post","link":"https:\/\/radiowebmx.com\/nota\/en-morelia-investigadores-y-especialistas-del-pais-expondran-propuestas-de-solucion-a-problemas-urbanos\/","title":{"rendered":"EN MORELIA, INVESTIGADORES Y ESPECIALISTAS DEL PA\u00cdS EXPONDR\u00c1N PROPUESTAS DE SOLUCI\u00d3N A PROBLEMAS URBANOS"},"content":{"rendered":"<p>Los problemas y soluciones a que se enfrentan las grandes ciudades del pa\u00eds ser\u00e1n abordados por connotados investigadores y especialistas, en el Segundo Foro Nacional sobre Problem\u00e1tica Urbana, que se llevar\u00e1 a cabo este viernes 28 de febrero en la capital michoacana.<\/p>\n<p>Entre los ponentes participantes, destaca el doctor Carlos F\u00e9lix Garrocho Rangel, profesor investigador del Colegio Mexiquense, A. C., quien abordar\u00e1 el tema \u201cCinco Acciones para las Ciudades Exitosas en el Siglo XXI\u201d; y el maestro Alejandro Nieto Enr\u00edquez, subsecretario de Desarrollo Urbano y Vivienda de la Secretar\u00eda de Desarrollo Agrario, Territorial y Urbano federal (SEDATU), quien presentar\u00e1 las propuestas y acciones de esa instituci\u00f3n para que una ciudad resuelva sus problemas urbanos.<\/p>\n<p>Este foro que es organizado por la Secretar\u00eda de Urbanismo y Medio Ambiente de la entidad (SUMA), la Universidad Michoacana de San Nicol\u00e1s de Hidalgo y la SEDATU, se llevar\u00e1 a cabo en el auditorio del Centro de Informaci\u00f3n, Arte y Cultura (CIAC) de la UMSNH a las 09:00 horas; en que ser\u00e1n presentadas varias experiencias de \u00e9xito a las problem\u00e1ticas urbanas.<\/p>\n<p>Las conclusiones que arroje dicho evento, ser\u00e1n analizadas ampliamente, a fin de que las instancias correspondientes lleven a cabo las medidas y acciones pertinentes, tendientes a resolver la problem\u00e1tica de las grandes ciudades.<\/p>\n<p>&nbsp;<\/p>\n","protected":false},"excerpt":{"rendered":"<p>Los problemas y soluciones a que se enfrentan las grandes ciudades del pa\u00eds ser\u00e1n abordados por connotados investigadores y especialistas, en el Segundo Foro Nacional sobre Problem\u00e1tica Urbana, que se llevar\u00e1 a cabo este viernes 28 de febrero en la capital michoacana.<\/p>\n","protected":false},"author":1,"featured_media":0,"comment_status":"open","ping_status":"open","sticky":false,"template":"","format":"standard","meta":{"footnotes":""},"categories":[3],"tags":[],"class_list":["post-5675","post","type-post","status-publish","format-standard","hentry","category-gobierno-del-estado-de-michoacan"],"_links":{"self":[{"href":"https:\/\/radiowebmx.com\/nota\/wp-json\/wp\/v2\/posts\/5675","targetHints":{"allow":["GET"]}}],"collection":[{"href":"https:\/\/radiowebmx.com\/nota\/wp-json\/wp\/v2\/posts"}],"about":[{"href":"https:\/\/radiowebmx.com\/nota\/wp-json\/wp\/v2\/types\/post"}],"author":[{"embeddable":true,"href":"https:\/\/radiowebmx.com\/nota\/wp-json\/wp\/v2\/users\/1"}],"replies":[{"embeddable":true,"href":"https:\/\/radiowebmx.com\/nota\/wp-json\/wp\/v2\/comments?post=5675"}],"version-history":[{"count":2,"href":"https:\/\/radiowebmx.com\/nota\/wp-json\/wp\/v2\/posts\/5675\/revisions"}],"predecessor-version":[{"id":5677,"href":"https:\/\/radiowebmx.com\/nota\/wp-json\/wp\/v2\/posts\/5675\/revisions\/5677"}],"wp:attachment":[{"href":"https:\/\/radiowebmx.com\/nota\/wp-json\/wp\/v2\/media?parent=5675"}],"wp:term":[{"taxonomy":"category","embeddable":true,"href":"https:\/\/radiowebmx.com\/nota\/wp-json\/wp\/v2\/categories?post=5675"},{"taxonomy":"post_tag","embeddable":true,"href":"https:\/\/radiowebmx.com\/nota\/wp-json\/wp\/v2\/tags?post=5675"}],"curies":[{"name":"wp","href":"https:\/\/api.w.org\/{rel}","templated":true}]}}