{"id":5672,"date":"2014-02-25T10:39:20","date_gmt":"2014-02-25T16:39:20","guid":{"rendered":"https:\/\/radiowebmx.com\/nota\/?p=5672"},"modified":"2014-02-25T10:39:20","modified_gmt":"2014-02-25T16:39:20","slug":"smrytv-cuenta-con-acervo-filmico-historico","status":"publish","type":"post","link":"https:\/\/radiowebmx.com\/nota\/smrytv-cuenta-con-acervo-filmico-historico\/","title":{"rendered":"SMRYTV CUENTA CON ACERVO F\u00cdLMICO HIST\u00d3RICO"},"content":{"rendered":"<p><a href=\"https:\/\/radiowebmx.com\/nota\/wp-content\/uploads\/2014\/02\/MG_1454.jpg\"><img loading=\"lazy\" decoding=\"async\" class=\"alignleft size-full wp-image-5673\" alt=\"_MG_1454\" src=\"https:\/\/radiowebmx.com\/nota\/wp-content\/uploads\/2014\/02\/MG_1454.jpg\" width=\"591\" height=\"340\" \/><\/a>Con m\u00e1s de 30 a\u00f1os de servicio, el Sistema Michoacano de Radio y Televisi\u00f3n (SMRyTV) cuenta con una amplia videoteca que almacena informaci\u00f3n hist\u00f3rica a nivel estatal y nacional desde los inicios del medio de comunicaci\u00f3n.<\/p>\n<p>En las instalaciones\u00a0 p\u00fablicas del Sistema Michoacano desde \u00a0el a\u00f1o de 1984 se resguardan los archivos acomodados num\u00e9ricamente y por el contenido de la programaci\u00f3n. La videoteca cuenta con aproximadamente 5 mil casetes de diferentes formatos como DV Pro y DV CAM, adem\u00e1s tiene 160 series de programaciones diferentes.<\/p>\n<p>Christian Guti\u00e9rrez Alonso, director general del SMRyTV, explic\u00f3 que la televisora y radio de todos los michoacanos va a la par de la modernidad, por lo tanto se actualizar\u00e1 de forma r\u00e1pida y eficaz con el proceso de digitalizaci\u00f3n para mantener la informaci\u00f3n al instante.<\/p>\n<p>El titular del Sistema Michoacano recalc\u00f3 que dicho recinto fue de los primeros en conservar de manera videogr\u00e1fica los materiales hist\u00f3ricos que se vivieron en el estado, desde los fen\u00f3menos sociales, pol\u00edticos, tomas de protesta gubernamentales, as\u00ed como algunas visitas de los presidentes y embajadores.<\/p>\n<p>\u201cLos archivos con los que se cuentan reflejan el esfuerzo que se hizo para armar una programaci\u00f3n dirigida al estado de Michoac\u00e1n, donde se ofrecieron temas culturales, pol\u00edticos, de entretenimiento y programas de noticias, entre otros\u201d, acot\u00f3 Christian Guti\u00e9rrez.<\/p>\n<p>Adem\u00e1s, dijo, el SMRyTV es una instituci\u00f3n p\u00fablica, lo cual hace que los michoacanos en general como alumnos, profesores e investigadores; puedan acceder a visitar las instalaciones como una gran oportunidad para conocer un poco m\u00e1s de la emisora estatal y su historia.<\/p>\n<p>Finalmente, el director general afirm\u00f3 que el valor que se tiene por una videoteca es de sumo inter\u00e9s, ya que es importante recordar sucesos o hechos que se vivieron en los diferentes momentos de la historia del estado de Michoac\u00e1n.<\/p>\n","protected":false},"excerpt":{"rendered":"<p>Con m\u00e1s de 30 a\u00f1os de servicio, el Sistema Michoacano de Radio y Televisi\u00f3n (SMRyTV) cuenta con una amplia videoteca que almacena informaci\u00f3n hist\u00f3rica a nivel estatal y nacional desde los inicios del medio de comunicaci\u00f3n.<\/p>\n","protected":false},"author":1,"featured_media":0,"comment_status":"open","ping_status":"open","sticky":false,"template":"","format":"standard","meta":{"footnotes":""},"categories":[14,3],"tags":[],"class_list":["post-5672","post","type-post","status-publish","format-standard","hentry","category-destacadas","category-gobierno-del-estado-de-michoacan"],"_links":{"self":[{"href":"https:\/\/radiowebmx.com\/nota\/wp-json\/wp\/v2\/posts\/5672","targetHints":{"allow":["GET"]}}],"collection":[{"href":"https:\/\/radiowebmx.com\/nota\/wp-json\/wp\/v2\/posts"}],"about":[{"href":"https:\/\/radiowebmx.com\/nota\/wp-json\/wp\/v2\/types\/post"}],"author":[{"embeddable":true,"href":"https:\/\/radiowebmx.com\/nota\/wp-json\/wp\/v2\/users\/1"}],"replies":[{"embeddable":true,"href":"https:\/\/radiowebmx.com\/nota\/wp-json\/wp\/v2\/comments?post=5672"}],"version-history":[{"count":1,"href":"https:\/\/radiowebmx.com\/nota\/wp-json\/wp\/v2\/posts\/5672\/revisions"}],"predecessor-version":[{"id":5674,"href":"https:\/\/radiowebmx.com\/nota\/wp-json\/wp\/v2\/posts\/5672\/revisions\/5674"}],"wp:attachment":[{"href":"https:\/\/radiowebmx.com\/nota\/wp-json\/wp\/v2\/media?parent=5672"}],"wp:term":[{"taxonomy":"category","embeddable":true,"href":"https:\/\/radiowebmx.com\/nota\/wp-json\/wp\/v2\/categories?post=5672"},{"taxonomy":"post_tag","embeddable":true,"href":"https:\/\/radiowebmx.com\/nota\/wp-json\/wp\/v2\/tags?post=5672"}],"curies":[{"name":"wp","href":"https:\/\/api.w.org\/{rel}","templated":true}]}}