{"id":567,"date":"2012-12-12T13:56:28","date_gmt":"2012-12-12T19:56:28","guid":{"rendered":"https:\/\/radiowebmx.com\/nota\/?p=567"},"modified":"2012-12-12T13:56:28","modified_gmt":"2012-12-12T19:56:28","slug":"aprueba-consejo-propuesta-de-modificacion-del-regimen-de-vigencia-del-nuevo-sistema-de-justicia-penal","status":"publish","type":"post","link":"https:\/\/radiowebmx.com\/nota\/aprueba-consejo-propuesta-de-modificacion-del-regimen-de-vigencia-del-nuevo-sistema-de-justicia-penal\/","title":{"rendered":"Aprueba Consejo propuesta de modificaci\u00f3n del r\u00e9gimen de vigencia del Nuevo sistema de justicia penal"},"content":{"rendered":"<p>Durante la cuarta sesi\u00f3n extraordinaria del Consejo para el nuevo sistema de justicia penal en Michoac\u00e1n, fue aprobada de manera un\u00e1nime la propuesta de modificaci\u00f3n del r\u00e9gimen de vigencia del modelo acusatorio adversarial presentada por los titulares de la Procuradur\u00eda General de Justicia, la Secretar\u00eda de Seguridad P\u00fablica, la Secretar\u00eda de Gobierno \u2013de la cual forma parte la Defensor\u00eda de Oficio\u2013, y el Poder Judicial.<\/p>\n<p>&nbsp;<\/p>\n<p>Esta decisi\u00f3n fue tomada luego del an\u00e1lisis de los resultados arrojados por el diagn\u00f3stico del estado de avance en las instituciones operadoras, estim\u00e1ndose que se requiere de un mayor lapso y recursos p\u00fablicos que permitan atender las necesidades de recursos humanos capacitados y especializados, infraestructura, reorganizaci\u00f3n administrativa, nuevos modelos normativos, equipamiento y adaptaci\u00f3n de nuevas tecnolog\u00edas de procesamiento de informaci\u00f3n y de comunicaciones, para una mejor y razonable implementaci\u00f3n del Nuevo sistema de justicia penal.<\/p>\n<p>&nbsp;<\/p>\n<p>La aprobaci\u00f3n de esta propuesta implica la reforma al C\u00f3digo de Procedimientos Penales del Estado de Michoac\u00e1n de Ocampo \u2013publicado el pasado 13 de enero de 2012 en el Peri\u00f3dico Oficial del Estado\u2013 en sus art\u00edculos transitorios 3\u00ba, 4\u00ba, 5\u00ba, 6\u00ba, 7\u00ba, y 8\u00ba, que refieren a las fechas de implementaci\u00f3n.\u00a0 Ser\u00e1n los consejeros diputados los encargados de presentar esta propuesta como proyecto pre-legislativo al Congreso del Estado, luego de someterse a votaci\u00f3n y ser aprobado dicho mecanismo por los integrantes del Consejo en la sesi\u00f3n de hoy.<\/p>\n<p>&nbsp;<\/p>\n<p>El calendario que se plantea contempla la implementaci\u00f3n en la regi\u00f3n Morelia el 3 de febrero de 2014; en la regi\u00f3n Uruapan el 25 de agosto de 2014; en la regi\u00f3n Apatzing\u00e1n el 12 de enero de 2015; en la regi\u00f3n Zamora el 29 de junio de 2015; en la regi\u00f3n L\u00e1zaro C\u00e1rdenas el 11 de enero de 2016; y en la regi\u00f3n Zit\u00e1cuaro el 13 de junio de 2016.<\/p>\n<p>&nbsp;<\/p>\n<p>Las variables consideradas para hacer esta propuesta de calendario son entre otras, los avances en infraestructura, la movilidad de los operadores y los recursos humanos capacitados.\u00a0 Cabe se\u00f1alar que dicha recalendarizaci\u00f3n no excede los plazos constitucionales que establecen como fecha l\u00edmite el 18 de junio de 2016 para que entre en vigor el Nuevo sistema de justicia penal en todas las entidades y la federaci\u00f3n.<\/p>\n<p>&nbsp;<\/p>\n<p>A fin de lograr que la ciudadan\u00eda se vea beneficiada con una procuraci\u00f3n e impartici\u00f3n de justicia de calidad, los integrantes del Consejo reiteraron su compromiso para impulsar la implementaci\u00f3n del Nuevo sistema de justicia penal, que requiere que todas las instituciones involucradas se encuentren listas y en sincron\u00eda.<\/p>\n<p>&nbsp;<\/p>\n","protected":false},"excerpt":{"rendered":"<p>Durante la cuarta sesi\u00f3n extraordinaria del Consejo para el nuevo sistema de justicia penal en Michoac\u00e1n, fue aprobada de manera un\u00e1nime la propuesta de modificaci\u00f3n del r\u00e9gimen de vigencia del modelo acusatorio adversarial presentada por los titulares de la Procuradur\u00eda General de Justicia, la Secretar\u00eda de Seguridad P\u00fablica, la Secretar\u00eda de Gobierno \u2013de la cual [&hellip;]<\/p>\n","protected":false},"author":1,"featured_media":0,"comment_status":"open","ping_status":"open","sticky":false,"template":"","format":"standard","meta":{"footnotes":""},"categories":[3],"tags":[],"class_list":["post-567","post","type-post","status-publish","format-standard","hentry","category-gobierno-del-estado-de-michoacan"],"_links":{"self":[{"href":"https:\/\/radiowebmx.com\/nota\/wp-json\/wp\/v2\/posts\/567","targetHints":{"allow":["GET"]}}],"collection":[{"href":"https:\/\/radiowebmx.com\/nota\/wp-json\/wp\/v2\/posts"}],"about":[{"href":"https:\/\/radiowebmx.com\/nota\/wp-json\/wp\/v2\/types\/post"}],"author":[{"embeddable":true,"href":"https:\/\/radiowebmx.com\/nota\/wp-json\/wp\/v2\/users\/1"}],"replies":[{"embeddable":true,"href":"https:\/\/radiowebmx.com\/nota\/wp-json\/wp\/v2\/comments?post=567"}],"version-history":[{"count":2,"href":"https:\/\/radiowebmx.com\/nota\/wp-json\/wp\/v2\/posts\/567\/revisions"}],"predecessor-version":[{"id":569,"href":"https:\/\/radiowebmx.com\/nota\/wp-json\/wp\/v2\/posts\/567\/revisions\/569"}],"wp:attachment":[{"href":"https:\/\/radiowebmx.com\/nota\/wp-json\/wp\/v2\/media?parent=567"}],"wp:term":[{"taxonomy":"category","embeddable":true,"href":"https:\/\/radiowebmx.com\/nota\/wp-json\/wp\/v2\/categories?post=567"},{"taxonomy":"post_tag","embeddable":true,"href":"https:\/\/radiowebmx.com\/nota\/wp-json\/wp\/v2\/tags?post=567"}],"curies":[{"name":"wp","href":"https:\/\/api.w.org\/{rel}","templated":true}]}}