{"id":56636,"date":"2018-09-19T18:47:16","date_gmt":"2018-09-19T23:47:16","guid":{"rendered":"https:\/\/radiowebmx.com\/nota\/?p=56636"},"modified":"2018-09-19T18:47:16","modified_gmt":"2018-09-19T23:47:16","slug":"impulsa-bancada-de-morena-el-traslado-de-oficinas-centrales-del-imss-a-michoacan","status":"publish","type":"post","link":"https:\/\/radiowebmx.com\/nota\/impulsa-bancada-de-morena-el-traslado-de-oficinas-centrales-del-imss-a-michoacan\/","title":{"rendered":"Impulsa bancada de Morena el traslado de oficinas centrales del IMSS a Michoac\u00e1n"},"content":{"rendered":"<p class=\"x_MsoNormal\"><b>Morelia; Michoac\u00e1n, 19 de septiembre de 2018<\/b>.- El Grupo Parlamentario de Morena en el Congreso del Estado, propuso a la Mesa Directiva de la LXXIV Legislatura la aprobaci\u00f3n de un punto de acuerdo para crear una Comisi\u00f3n Especial que inicie y d\u00e9 seguimiento al proceso para facilitar la instalaci\u00f3n de las oficinas centrales del Instituto Mexicano del Seguro Social (IMSS) en Michoac\u00e1n.<\/p>\n<p class=\"x_MsoNormal\">\n<p class=\"x_MsoNormal\">Con esta iniciativa -la primera que se propone en la LXXIV Legislatura, la bancada liderada por Alfredo Ram\u00edrez Bedolla da seguimiento al compromiso del Presidente electo de la Rep\u00fablica, Andr\u00e9s Manuel L\u00f3pez Obrador, de descentralizar las dependencias del gobierno federal, y desahoga una de las acciones prioritarias en la agenda legislativa aprobada por los diputados locales de Morena.<\/p>\n<p class=\"x_MsoNormal\">\n<p class=\"x_MsoNormal\">La instalaci\u00f3n del IMSS en Michoac\u00e1n ser\u00eda de suma trascendencia para el estado, ya que al ser una instituci\u00f3n que cuenta con 7 millones 465 mil 855 derechohabientes, y 9 mil 161 trabajadores asignados \u00fanicamente a las oficinas centrales, podr\u00eda sentar las bases para el desarrollo de un cl\u00faster de servicios m\u00e9dicos que detonar\u00eda la generaci\u00f3n de empleos y dinamizar\u00eda la econom\u00eda del estado, puntualiz\u00f3 Alfredo Ram\u00edrez.<\/p>\n<p class=\"x_MsoNormal\">\n<p class=\"x_MsoNormal\">Los legisladores de Morena proponen la creaci\u00f3n de la Comisi\u00f3n Especial Facilitadora para la instalaci\u00f3n de las oficinas centrales del IMSS en Michoac\u00e1n, como instancia encargada de coordinador los trabajos para que la descentralizaci\u00f3n de la dependencia se realice con el marco jur\u00eddico adecuado, un presupuesto suficiente para su concreci\u00f3n y puesta en operaci\u00f3n, adem\u00e1s de las condiciones propicias en materia de espacios urbanos, equipamiento y movilidad, as\u00ed como la dotaci\u00f3n de servicios p\u00fablicos integrales.<\/p>\n<p class=\"x_MsoNormal\">\n<p class=\"x_MsoNormal\">Despu\u00e9s de ser le\u00edda en el Pleno del Congreso del Estado, la propuesta de punto de acuerdo presentada por Alfredo Ram\u00edrez Bedolla y Cristina Portillo Ayala, en calidad de coordinador y vicecoordinadora de la bancada de Morena, fue turnada a la Junta de Coordinaci\u00f3n Pol\u00edtica, con lo que inicia el proceso legislativo de revisi\u00f3n, an\u00e1lisis y posterior puesta a consideraci\u00f3n de todos los diputados que integran la LXXIV Legislatura.<\/p>\n","protected":false},"excerpt":{"rendered":"<p>Morelia; Michoac\u00e1n, 19 de septiembre de 2018.- El Grupo Parlamentario de Morena en el Congreso del Estado, propuso a la Mesa Directiva de la LXXIV Legislatura la aprobaci\u00f3n de un punto de acuerdo para crear una Comisi\u00f3n Especial que inicie y d\u00e9 seguimiento al proceso para facilitar la instalaci\u00f3n de las oficinas centrales del Instituto [&hellip;]<\/p>\n","protected":false},"author":2,"featured_media":56637,"comment_status":"closed","ping_status":"closed","sticky":false,"template":"","format":"standard","meta":{"footnotes":""},"categories":[6],"tags":[],"class_list":["post-56636","post","type-post","status-publish","format-standard","has-post-thumbnail","hentry","category-congreso-del-estado"],"_links":{"self":[{"href":"https:\/\/radiowebmx.com\/nota\/wp-json\/wp\/v2\/posts\/56636","targetHints":{"allow":["GET"]}}],"collection":[{"href":"https:\/\/radiowebmx.com\/nota\/wp-json\/wp\/v2\/posts"}],"about":[{"href":"https:\/\/radiowebmx.com\/nota\/wp-json\/wp\/v2\/types\/post"}],"author":[{"embeddable":true,"href":"https:\/\/radiowebmx.com\/nota\/wp-json\/wp\/v2\/users\/2"}],"replies":[{"embeddable":true,"href":"https:\/\/radiowebmx.com\/nota\/wp-json\/wp\/v2\/comments?post=56636"}],"version-history":[{"count":1,"href":"https:\/\/radiowebmx.com\/nota\/wp-json\/wp\/v2\/posts\/56636\/revisions"}],"predecessor-version":[{"id":56638,"href":"https:\/\/radiowebmx.com\/nota\/wp-json\/wp\/v2\/posts\/56636\/revisions\/56638"}],"wp:featuredmedia":[{"embeddable":true,"href":"https:\/\/radiowebmx.com\/nota\/wp-json\/wp\/v2\/media\/56637"}],"wp:attachment":[{"href":"https:\/\/radiowebmx.com\/nota\/wp-json\/wp\/v2\/media?parent=56636"}],"wp:term":[{"taxonomy":"category","embeddable":true,"href":"https:\/\/radiowebmx.com\/nota\/wp-json\/wp\/v2\/categories?post=56636"},{"taxonomy":"post_tag","embeddable":true,"href":"https:\/\/radiowebmx.com\/nota\/wp-json\/wp\/v2\/tags?post=56636"}],"curies":[{"name":"wp","href":"https:\/\/api.w.org\/{rel}","templated":true}]}}