{"id":56627,"date":"2018-09-19T18:40:28","date_gmt":"2018-09-19T23:40:28","guid":{"rendered":"https:\/\/radiowebmx.com\/nota\/?p=56627"},"modified":"2018-09-19T18:40:28","modified_gmt":"2018-09-19T23:40:28","slug":"participan-diputados-del-prd-en-proceso-para-integracion-de-comisiones-y-comites","status":"publish","type":"post","link":"https:\/\/radiowebmx.com\/nota\/participan-diputados-del-prd-en-proceso-para-integracion-de-comisiones-y-comites\/","title":{"rendered":"Participan diputados del PRD en proceso para integraci\u00f3n de comisiones y comit\u00e9s"},"content":{"rendered":"<p class=\"x_MsoNormal\"><b>Morelia; Michoac\u00e1n, 18 de septiembre de 2018<\/b>.-\u00a0Para revisar las propuestas de cada fuerza pol\u00edtica representada en la LXXIV local para la integraci\u00f3n de las comisiones y comit\u00e9s legislativos, los diputados Humberto Gonz\u00e1lez Villag\u00f3mez y Octavio Ocampo C\u00f3rdova participaron en la reuni\u00f3n de trabajo que se realiz\u00f3 la tarde de este martes en las instalaciones de la Casona del Congreso Local.<\/p>\n<p class=\"x_MsoNormal\">\n<p class=\"x_MsoNormal\">Durante el encuentro los diputados integrantes del Grupo Parlamentario del PRD expusieron que la integraci\u00f3n de dichas comisiones debe ir acorde a la representaci\u00f3n de cada bancada y se debe revisar el inter\u00e9s de cada fracci\u00f3n, al momento de elaborar la propuesta.<\/p>\n<p class=\"x_MsoNormal\">\n<p class=\"x_MsoNormal\">De tal forma, se realiz\u00f3 la revisi\u00f3n de cu\u00e1ntas comisiones y comit\u00e9s deber\u00e1n distribuirse y se conoci\u00f3 los planteamientos de cada fuerza pol\u00edtica, para realizar la integraci\u00f3n de una propuesta, que seguir\u00e1 construy\u00e9ndose en los pr\u00f3ximos d\u00edas, para que sea discutida, analizada y votada en la Junta de Coordinaci\u00f3n Pol\u00edtica para posteriormente turnarla al Pleno.<\/p>\n<p class=\"x_MsoNormal\">\n<p class=\"x_MsoNormal\">Los diputados del PRD resaltaron el compromiso de los integrantes de la bancada perredista para dignificar la labor legislativa y de propiciar orden y transparencia en la vida interna del Congreso del Estado, generando mecanismos normativos que regulen su funcionamiento en todas sus esferas.<\/p>\n","protected":false},"excerpt":{"rendered":"<p>Morelia; Michoac\u00e1n, 18 de septiembre de 2018.-\u00a0Para revisar las propuestas de cada fuerza pol\u00edtica representada en la LXXIV local para la integraci\u00f3n de las comisiones y comit\u00e9s legislativos, los diputados Humberto Gonz\u00e1lez Villag\u00f3mez y Octavio Ocampo C\u00f3rdova participaron en la reuni\u00f3n de trabajo que se realiz\u00f3 la tarde de este martes en las instalaciones de [&hellip;]<\/p>\n","protected":false},"author":2,"featured_media":56628,"comment_status":"closed","ping_status":"closed","sticky":false,"template":"","format":"standard","meta":{"footnotes":""},"categories":[6,19],"tags":[],"class_list":["post-56627","post","type-post","status-publish","format-standard","has-post-thumbnail","hentry","category-congreso-del-estado","category-grupo-parlamentario-del-prd"],"_links":{"self":[{"href":"https:\/\/radiowebmx.com\/nota\/wp-json\/wp\/v2\/posts\/56627","targetHints":{"allow":["GET"]}}],"collection":[{"href":"https:\/\/radiowebmx.com\/nota\/wp-json\/wp\/v2\/posts"}],"about":[{"href":"https:\/\/radiowebmx.com\/nota\/wp-json\/wp\/v2\/types\/post"}],"author":[{"embeddable":true,"href":"https:\/\/radiowebmx.com\/nota\/wp-json\/wp\/v2\/users\/2"}],"replies":[{"embeddable":true,"href":"https:\/\/radiowebmx.com\/nota\/wp-json\/wp\/v2\/comments?post=56627"}],"version-history":[{"count":1,"href":"https:\/\/radiowebmx.com\/nota\/wp-json\/wp\/v2\/posts\/56627\/revisions"}],"predecessor-version":[{"id":56629,"href":"https:\/\/radiowebmx.com\/nota\/wp-json\/wp\/v2\/posts\/56627\/revisions\/56629"}],"wp:featuredmedia":[{"embeddable":true,"href":"https:\/\/radiowebmx.com\/nota\/wp-json\/wp\/v2\/media\/56628"}],"wp:attachment":[{"href":"https:\/\/radiowebmx.com\/nota\/wp-json\/wp\/v2\/media?parent=56627"}],"wp:term":[{"taxonomy":"category","embeddable":true,"href":"https:\/\/radiowebmx.com\/nota\/wp-json\/wp\/v2\/categories?post=56627"},{"taxonomy":"post_tag","embeddable":true,"href":"https:\/\/radiowebmx.com\/nota\/wp-json\/wp\/v2\/tags?post=56627"}],"curies":[{"name":"wp","href":"https:\/\/api.w.org\/{rel}","templated":true}]}}