{"id":565,"date":"2012-12-12T13:42:17","date_gmt":"2012-12-12T19:42:17","guid":{"rendered":"https:\/\/radiowebmx.com\/nota\/?p=565"},"modified":"2012-12-12T13:42:17","modified_gmt":"2012-12-12T19:42:17","slug":"300-ninos-de-educacion-basica-participan-en-el-concierto-navideno-2012-en-el-centro-historico","status":"publish","type":"post","link":"https:\/\/radiowebmx.com\/nota\/300-ninos-de-educacion-basica-participan-en-el-concierto-navideno-2012-en-el-centro-historico\/","title":{"rendered":"300 NI\u00d1OS DE EDUCACI\u00d3N B\u00c1SICA PARTICIPAN EN EL CONCIERTO NAVIDE\u00d1O 2012 EN EL CENTRO HIST\u00d3RICO"},"content":{"rendered":"<p>\u201cEs importante invitar a los ni\u00f1os a que participen de actividades art\u00edsticas en espacios p\u00fablicos, porque\u00a0 motivan el desarrollo de nuevas habilidades en los infantes y propician el acercamiento\u00a0 entre \u00a0la familia\u00a0 y la comunidad escolar\u201d, expres\u00f3 la secretaria de Educaci\u00f3n en Michoac\u00e1n, Teresa Herrera Guido, en el Concierto Navide\u00f1o 2012.<\/p>\n<p>Herrera Guido se\u00f1al\u00f3 que este tipo de eventos ayudan a generar espacios de sana convivencia y alegr\u00eda entre ni\u00f1os, j\u00f3venes y adultos, sobre todo en fechas\u00a0 representativas como en la temporada navide\u00f1a.<\/p>\n<p>En el evento que se llev\u00f3 a cabo en\u00a0 la Plaza Benito Ju\u00e1rez del Centro Hist\u00f3rico, la jefa del Departamento de Educaci\u00f3n Art\u00edstica y Cultura, Silvia Zavala Tzintz\u00fan, indic\u00f3 que a trav\u00e9s de este concierto se reconoce el trabajo que realizan los maestros en las diferentes escuelas que pertenecen al proyecto Pol\u00edgono, adem\u00e1s de que esta es una forma de estimular a los ni\u00f1os a hacer presentaciones en p\u00fablico y reconocer sus talentos musicales.<\/p>\n<p>Destac\u00f3 el inter\u00e9s que tiene la secretaria de Educaci\u00f3n, Teresa Herrera, en recuperar espacios p\u00fablicos para realizar actividades que colaboren en la integraci\u00f3n familiar y el rescate de la sociedad.<\/p>\n<p>De acuerdo con la jefa del Departamento de Programas Escolares e Interinstitucionales, Claudia Lunar Vargas, en las escuelas se est\u00e1 promoviendo\u00a0 la participaci\u00f3n de coros escolares con la finalidad de promover\u00a0 ambientes sanos y libres de violencia dentro y fuera de las escuelas.<\/p>\n<p>Al respect\u00f3, la funcionaria de la dependencia educativa coment\u00f3 que desde hace un mes se encuentran trabajando en el municipio de Morelia, con \u00a0coros escolares en 16 escuelas de educaci\u00f3n b\u00e1sica, de las cuales participaron 5 escuelas p\u00fablicas con un total de 300\u00a0 ni\u00f1os que acudieron a \u00a0este concierto navide\u00f1o 2012.<\/p>\n<p>As\u00ed mismo, indic\u00f3 que en este concierto navide\u00f1o se pudo apreciar los coros de las escuelas primarias \u201cHijos del Ej\u00e9rcito\u201d turnos matutino y vespertino; la primaria \u201c22 de Septiembre\u201d y \u201cM\u00f3nico Gallegos\u201d, as\u00ed como la telesecundaria de Mil Cumbres turno vespertino.<\/p>\n<p>Finalmente, la funcionaria de la dependencia educativa consider\u00f3 que a trav\u00e9s de estos eventos se propicia la unidad, el respeto y ense\u00f1anza de nuestras tradiciones a la poblaci\u00f3n en general, especialmente a los padres de familia.<\/p>\n<p>&nbsp;<\/p>\n","protected":false},"excerpt":{"rendered":"<p>\u201cEs importante invitar a los ni\u00f1os a que participen de actividades art\u00edsticas en espacios p\u00fablicos, porque  motivan el desarrollo de nuevas habilidades en los infantes y propician el acercamiento  entre  la familia  y la comunidad escolar\u201d, expres\u00f3 la secretaria de Educaci\u00f3n en Michoac\u00e1n, Teresa Herrera Guido, en el Concierto Navide\u00f1o 2012.<\/p>\n","protected":false},"author":1,"featured_media":0,"comment_status":"open","ping_status":"open","sticky":false,"template":"","format":"standard","meta":{"footnotes":""},"categories":[3],"tags":[],"class_list":["post-565","post","type-post","status-publish","format-standard","hentry","category-gobierno-del-estado-de-michoacan"],"_links":{"self":[{"href":"https:\/\/radiowebmx.com\/nota\/wp-json\/wp\/v2\/posts\/565","targetHints":{"allow":["GET"]}}],"collection":[{"href":"https:\/\/radiowebmx.com\/nota\/wp-json\/wp\/v2\/posts"}],"about":[{"href":"https:\/\/radiowebmx.com\/nota\/wp-json\/wp\/v2\/types\/post"}],"author":[{"embeddable":true,"href":"https:\/\/radiowebmx.com\/nota\/wp-json\/wp\/v2\/users\/1"}],"replies":[{"embeddable":true,"href":"https:\/\/radiowebmx.com\/nota\/wp-json\/wp\/v2\/comments?post=565"}],"version-history":[{"count":1,"href":"https:\/\/radiowebmx.com\/nota\/wp-json\/wp\/v2\/posts\/565\/revisions"}],"predecessor-version":[{"id":566,"href":"https:\/\/radiowebmx.com\/nota\/wp-json\/wp\/v2\/posts\/565\/revisions\/566"}],"wp:attachment":[{"href":"https:\/\/radiowebmx.com\/nota\/wp-json\/wp\/v2\/media?parent=565"}],"wp:term":[{"taxonomy":"category","embeddable":true,"href":"https:\/\/radiowebmx.com\/nota\/wp-json\/wp\/v2\/categories?post=565"},{"taxonomy":"post_tag","embeddable":true,"href":"https:\/\/radiowebmx.com\/nota\/wp-json\/wp\/v2\/tags?post=565"}],"curies":[{"name":"wp","href":"https:\/\/api.w.org\/{rel}","templated":true}]}}