{"id":56497,"date":"2018-09-14T16:03:27","date_gmt":"2018-09-14T21:03:27","guid":{"rendered":"https:\/\/radiowebmx.com\/nota\/?p=56497"},"modified":"2018-09-14T16:03:27","modified_gmt":"2018-09-14T21:03:27","slug":"rinde-protesta-lxxiv-legislatura","status":"publish","type":"post","link":"https:\/\/radiowebmx.com\/nota\/rinde-protesta-lxxiv-legislatura\/","title":{"rendered":"Rinde protesta LXXIV Legislatura"},"content":{"rendered":"<p class=\"x_MsoNormal\"><b>Morelia; Michoac\u00e1n, 14 de septiembre de 2018<\/b>.- Los diputados electos de la LXXIV Legislatura del Congreso del Estado rindieron protesta por el periodo de 2018-2021.<\/p>\n<p class=\"x_MsoNormal\">En sesi\u00f3n constitutiva, la diputada Cristina Portillo Ayala, presidenta de la Comisi\u00f3n de Transici\u00f3n rindi\u00f3 protesta, para posteriormente tomar protesta a sus hom\u00f3logos que integrar\u00e1n la legislatura.<\/p>\n<p class=\"x_MsoNormal\">Cabe se\u00f1alar que la Comisi\u00f3n de Transici\u00f3n est\u00e1 integrada por Jos\u00e9 Antonio Salas Valencia, Adriana Hern\u00e1ndez \u00cd\u00f1iguez, Miriam Tinoco Soto, Ernesto N\u00fa\u00f1ez Aguilar y Sandra Luz Valencia, dicha comisi\u00f3n es la encargada de recibir las constancias de los diputados electos.<\/p>\n<p class=\"x_MsoNormal\">Posteriormente, se declar\u00f3 un receso de forma permanente, en tanto se le notifique al Poder Legislativo del Estado, la resoluci\u00f3n final de la Sala Superior del Tribunal del Poder Judicial de la Federaci\u00f3n en relaci\u00f3n a los diputados electos que integrar\u00e1n de manera permanente la 74 legislatura, esto a solicitud de la diputada Brenda Fraga Guti\u00e9rrez, quien present\u00f3 una moci\u00f3n suspensiva, de acuerdo a los dispuesto en el art\u00edculo 256 Fracci\u00f3n II de la Ley Org\u00e1nica y de Procedimientos del Congreso del Estado.<\/p>\n<p class=\"x_MsoNormal\">Cabe destacar, que el d\u00eda 15 de septiembre la 74 legislatura realizar\u00e1 una Sesi\u00f3n Solemne de apertura del Primer A\u00f1o Legislativo.<\/p>\n","protected":false},"excerpt":{"rendered":"<p>Morelia; Michoac\u00e1n, 14 de septiembre de 2018.- Los diputados electos de la LXXIV Legislatura del Congreso del Estado rindieron protesta por el periodo de 2018-2021. En sesi\u00f3n constitutiva, la diputada Cristina Portillo Ayala, presidenta de la Comisi\u00f3n de Transici\u00f3n rindi\u00f3 protesta, para posteriormente tomar protesta a sus hom\u00f3logos que integrar\u00e1n la legislatura. Cabe se\u00f1alar que [&hellip;]<\/p>\n","protected":false},"author":2,"featured_media":56498,"comment_status":"closed","ping_status":"closed","sticky":false,"template":"","format":"standard","meta":{"footnotes":""},"categories":[6],"tags":[],"class_list":["post-56497","post","type-post","status-publish","format-standard","has-post-thumbnail","hentry","category-congreso-del-estado"],"_links":{"self":[{"href":"https:\/\/radiowebmx.com\/nota\/wp-json\/wp\/v2\/posts\/56497","targetHints":{"allow":["GET"]}}],"collection":[{"href":"https:\/\/radiowebmx.com\/nota\/wp-json\/wp\/v2\/posts"}],"about":[{"href":"https:\/\/radiowebmx.com\/nota\/wp-json\/wp\/v2\/types\/post"}],"author":[{"embeddable":true,"href":"https:\/\/radiowebmx.com\/nota\/wp-json\/wp\/v2\/users\/2"}],"replies":[{"embeddable":true,"href":"https:\/\/radiowebmx.com\/nota\/wp-json\/wp\/v2\/comments?post=56497"}],"version-history":[{"count":1,"href":"https:\/\/radiowebmx.com\/nota\/wp-json\/wp\/v2\/posts\/56497\/revisions"}],"predecessor-version":[{"id":56499,"href":"https:\/\/radiowebmx.com\/nota\/wp-json\/wp\/v2\/posts\/56497\/revisions\/56499"}],"wp:featuredmedia":[{"embeddable":true,"href":"https:\/\/radiowebmx.com\/nota\/wp-json\/wp\/v2\/media\/56498"}],"wp:attachment":[{"href":"https:\/\/radiowebmx.com\/nota\/wp-json\/wp\/v2\/media?parent=56497"}],"wp:term":[{"taxonomy":"category","embeddable":true,"href":"https:\/\/radiowebmx.com\/nota\/wp-json\/wp\/v2\/categories?post=56497"},{"taxonomy":"post_tag","embeddable":true,"href":"https:\/\/radiowebmx.com\/nota\/wp-json\/wp\/v2\/tags?post=56497"}],"curies":[{"name":"wp","href":"https:\/\/api.w.org\/{rel}","templated":true}]}}