{"id":56469,"date":"2018-09-13T21:21:52","date_gmt":"2018-09-14T02:21:52","guid":{"rendered":"https:\/\/radiowebmx.com\/nota\/?p=56469"},"modified":"2018-09-13T21:23:21","modified_gmt":"2018-09-14T02:23:21","slug":"aprueban-diputados-contratacion-de-app-para-mejorar-seguridad","status":"publish","type":"post","link":"https:\/\/radiowebmx.com\/nota\/aprueban-diputados-contratacion-de-app-para-mejorar-seguridad\/","title":{"rendered":"Aprueban diputados contrataci\u00f3n de APP para mejorar seguridad"},"content":{"rendered":"<p class=\"x_MsoNormal\">\u00a0Con el objetivo de disminuir los \u00edndices delictivos, garantizar la respuesta pronta y oportuna a las incidencias; as\u00ed como mejorar la prevenci\u00f3n del delito y la percepci\u00f3n de seguridad p\u00fablica, la LXXIII Legislatura aprob\u00f3 el decreto mediante el cual se autoriza al Poder Ejecutivo la celebraci\u00f3n de un contrato de asociaci\u00f3n p\u00fablico \u2013privada en materia de Servicios de Video Vigilancia, con un monto de hasta mil 740 millones 725 mil pesos, financiados en doce a\u00f1os, a partir de su contrataci\u00f3n.<\/p>\n<p class=\"x_MsoNormal\">El proyecto prev\u00e9 mejorar la coordinaci\u00f3n y supervisi\u00f3n de la atenci\u00f3n ciudadana por medio de la implementaci\u00f3n del Centro de Comando, Control, Computo, Comunicaciones y Coordinaci\u00f3n (C5), as\u00ed como la rehabilitaci\u00f3n y equipamiento de espacios existentes en nueve Centros de Mando Municipales del Estado de Michoac\u00e1n, tambi\u00e9n denominados Subcentros, permitiendo realizar, de manera coordinada, labores de inteligencia, con dependencias municipales, estatales o federales, de forma \u00e1gil y oportuna.<\/p>\n<p class=\"x_MsoNormal\">Para la construcci\u00f3n del Centro de Control, Comando, Comunicaci\u00f3n, C\u00f3mputo y Calidad (C5) del Estado y su equipamiento, se destinar\u00e1 el monto de 505 mil pesos; para la rehabilitaci\u00f3n y equipamiento de 9 subcentros en los municipios de Apatzing\u00e1n, Coalcom\u00e1n, Huetamo, Jiquilpan, La Piedad, L\u00e1zaro C\u00e1rdenas, Uruapan, Zamora y Zit\u00e1cuaro, la cifra ser\u00e1 de 46 mil pesos.<\/p>\n<p class=\"x_MsoNormal\">Asimismo, para la adquisici\u00f3n de mobiliario y equipo de administraci\u00f3n del C5 y de los subcentros, el monto etiquetado ser\u00e1 de 182 mil pesos; ser\u00e1n 582 mil pesos los destinados para la construcci\u00f3n de las obras y el equipamiento de tecnolog\u00edas para la instalaci\u00f3n y puesta en funcionamiento de la red de fibra \u00f3ptica y de una red inal\u00e1mbrica especializada que conformar\u00e1 la Red Hibrida de Transporte de Datos, lo cual incluye la infraestructura de video vigilancia urbana y arcos carreteros; y se invertir\u00e1n 400 mil pesos en la adquisici\u00f3n de equipos de telecomunicaciones que permitir\u00e1n conformar una red de telecomunicaciones.<\/p>\n<p class=\"x_MsoNormal\">Este Sistema que operar\u00e1 la Secretar\u00eda de Seguridad P\u00fablica, dar\u00e1 seguimiento a las incidencias, para que sirva como evidencia contundente y pueda ser utilizada durante los procesos de impartici\u00f3n de justicia, tanto de orden Federal como Estatal, fortaleciendo as\u00ed el nuevo Sistema de Justicia Penal Acusatorio.<\/p>\n<p class=\"x_MsoNormal\">En el 2016, del total de delitos ocurridos, en promedio se denunciaron s\u00f3lo el 9.3 por ciento, mientras que el restante 90.4 por ciento permanecieron sin ser denunciados, esto de acuerdo a la Encuesta Nacional de Victimizaci\u00f3n y Percepci\u00f3n Sobre Seguridad P\u00fablica (ENVIPE), aplicada por el INEGI.<\/p>\n<p class=\"x_MsoNormal\">Esta misma encuesta, revela que el 53.4 por ciento de la poblaci\u00f3n de 18 a\u00f1os o m\u00e1s considera la inseguridad como el problema m\u00e1s importante que aqueja a su entidad; por ello, los legisladores atendiendo a las necesidades de los michoacanos buscan mejorar las condiciones de seguridad.<\/p>\n<p class=\"x_MsoNormal\">Cabe destacar, que al ser una inversi\u00f3n p\u00fablica productiva, a trav\u00e9s de una Asociaci\u00f3n Publica Privada (APP), el Estado no asume riesgos de aumento en los costos de construcci\u00f3n; retrasos en la conclusi\u00f3n de obras; mantenimiento; y los pagos son diferidos, en el mismo periodo de la generaci\u00f3n de los beneficios.<\/p>\n<p class=\"x_MsoNormal\">Al establecer el monto de obra a precios actuales, el gobierno evita riesgos de futuros incrementos de costo, por alza de precios de insumos de construcci\u00f3n o equipamiento, por ejemplo de procesos de incrementos inflacionarios, tasa de interese de financiamiento o alza en tipo de cambio, riesgo que asumir\u00eda a la inversi\u00f3n privada.<\/p>\n<p class=\"x_MsoNormal\">Asimismo, entre los beneficios que se esperan del proyecto est\u00e1 que los entes p\u00fablicos encargados de garantizar la seguridad en el estado, cuenten con servicios de comunicaci\u00f3n que logren la interoperaci\u00f3n de la infraestructura tecnol\u00f3gica: Video Vigilancia Urbana, Arcos Carreteros y Sistema Administrador de Video (VMS), y con ello, incrementar la capacidad de reacci\u00f3n y coordinaci\u00f3n entre las instituciones.<\/p>\n<p class=\"x_MsoNormal\">Los diputados, conscientes que las autoridades est\u00e1n obligadas a garantizar la seguridad de la sociedad, as\u00ed como la plena impartici\u00f3n de justicia, esperan que con este proyecto, se mejore la cobertura en el monitoreo al momento de cometerse un delito, hasta lograr la detenci\u00f3n del infractor.<\/p>\n","protected":false},"excerpt":{"rendered":"<p>\u00a0Con el objetivo de disminuir los \u00edndices delictivos, garantizar la respuesta pronta y oportuna a las incidencias; as\u00ed como mejorar la prevenci\u00f3n del delito y la percepci\u00f3n de seguridad p\u00fablica, la LXXIII Legislatura aprob\u00f3 el decreto mediante el cual se autoriza al Poder Ejecutivo la celebraci\u00f3n de un contrato de asociaci\u00f3n p\u00fablico \u2013privada en materia [&hellip;]<\/p>\n","protected":false},"author":2,"featured_media":56471,"comment_status":"closed","ping_status":"closed","sticky":false,"template":"","format":"standard","meta":{"footnotes":""},"categories":[6],"tags":[],"class_list":["post-56469","post","type-post","status-publish","format-standard","has-post-thumbnail","hentry","category-congreso-del-estado"],"_links":{"self":[{"href":"https:\/\/radiowebmx.com\/nota\/wp-json\/wp\/v2\/posts\/56469","targetHints":{"allow":["GET"]}}],"collection":[{"href":"https:\/\/radiowebmx.com\/nota\/wp-json\/wp\/v2\/posts"}],"about":[{"href":"https:\/\/radiowebmx.com\/nota\/wp-json\/wp\/v2\/types\/post"}],"author":[{"embeddable":true,"href":"https:\/\/radiowebmx.com\/nota\/wp-json\/wp\/v2\/users\/2"}],"replies":[{"embeddable":true,"href":"https:\/\/radiowebmx.com\/nota\/wp-json\/wp\/v2\/comments?post=56469"}],"version-history":[{"count":2,"href":"https:\/\/radiowebmx.com\/nota\/wp-json\/wp\/v2\/posts\/56469\/revisions"}],"predecessor-version":[{"id":56472,"href":"https:\/\/radiowebmx.com\/nota\/wp-json\/wp\/v2\/posts\/56469\/revisions\/56472"}],"wp:featuredmedia":[{"embeddable":true,"href":"https:\/\/radiowebmx.com\/nota\/wp-json\/wp\/v2\/media\/56471"}],"wp:attachment":[{"href":"https:\/\/radiowebmx.com\/nota\/wp-json\/wp\/v2\/media?parent=56469"}],"wp:term":[{"taxonomy":"category","embeddable":true,"href":"https:\/\/radiowebmx.com\/nota\/wp-json\/wp\/v2\/categories?post=56469"},{"taxonomy":"post_tag","embeddable":true,"href":"https:\/\/radiowebmx.com\/nota\/wp-json\/wp\/v2\/tags?post=56469"}],"curies":[{"name":"wp","href":"https:\/\/api.w.org\/{rel}","templated":true}]}}