{"id":56466,"date":"2018-09-13T21:17:38","date_gmt":"2018-09-14T02:17:38","guid":{"rendered":"https:\/\/radiowebmx.com\/nota\/?p=56466"},"modified":"2018-09-13T21:17:38","modified_gmt":"2018-09-14T02:17:38","slug":"rindio-protesta-delfina-villalon-como-titular-del-organo-interno-de-control-del-imaip","status":"publish","type":"post","link":"https:\/\/radiowebmx.com\/nota\/rindio-protesta-delfina-villalon-como-titular-del-organo-interno-de-control-del-imaip\/","title":{"rendered":"Rindi\u00f3 protesta Delfina Villal\u00f3n como titular del \u00d3rgano Interno de Control del IMAIP"},"content":{"rendered":"<p class=\"x_MsoNormal\">Por un periodo de cinco a\u00f1os y sin posibilidad de reelecci\u00f3n se design\u00f3 a Delfina Patricia Villal\u00f3n Rivera como titular del \u00d3rgano Interno de Control del Instituto Michoacano de Transparencia, Acceso a la Informaci\u00f3n y Protecci\u00f3n de Datos Personales.<\/p>\n<p class=\"x_MsoNormal\">En sesi\u00f3n extraordinaria la LXXIII Legislatura tom\u00f3 protesta a Villal\u00f3n Rivera\u00a0<a name=\"x__GoBack\"><\/a>una vez que acredit\u00f3 haber cumplido con los requisitos establecidos en previa convocatoria, as\u00ed como los resultados obtenidos en el examen practicado.<\/p>\n<p class=\"x_MsoNormal\">Cabe se\u00f1alar, que dicho organismo de autoridad, decisi\u00f3n, promoci\u00f3n, difusi\u00f3n e investigaci\u00f3n sobre el derecho a la transparencia y acceso a la informaci\u00f3n p\u00fablica, est\u00e1 conformado por el Pleno, la Presidencia, la Secretar\u00eda General, la Contralor\u00eda Interna, la Coordinaci\u00f3n Jur\u00eddica, la Coordinaci\u00f3n Administrativa, la Coordinaci\u00f3n de Investigaci\u00f3n y Capacitaci\u00f3n, un Consejo Consultivo y dem\u00e1s \u00e1reas administrativas y t\u00e9cnicas para su gesti\u00f3n.<\/p>\n","protected":false},"excerpt":{"rendered":"<p>Por un periodo de cinco a\u00f1os y sin posibilidad de reelecci\u00f3n se design\u00f3 a Delfina Patricia Villal\u00f3n Rivera como titular del \u00d3rgano Interno de Control del Instituto Michoacano de Transparencia, Acceso a la Informaci\u00f3n y Protecci\u00f3n de Datos Personales. En sesi\u00f3n extraordinaria la LXXIII Legislatura tom\u00f3 protesta a Villal\u00f3n Rivera\u00a0una vez que acredit\u00f3 haber cumplido [&hellip;]<\/p>\n","protected":false},"author":2,"featured_media":56467,"comment_status":"closed","ping_status":"closed","sticky":false,"template":"","format":"standard","meta":{"footnotes":""},"categories":[6],"tags":[],"class_list":["post-56466","post","type-post","status-publish","format-standard","has-post-thumbnail","hentry","category-congreso-del-estado"],"_links":{"self":[{"href":"https:\/\/radiowebmx.com\/nota\/wp-json\/wp\/v2\/posts\/56466","targetHints":{"allow":["GET"]}}],"collection":[{"href":"https:\/\/radiowebmx.com\/nota\/wp-json\/wp\/v2\/posts"}],"about":[{"href":"https:\/\/radiowebmx.com\/nota\/wp-json\/wp\/v2\/types\/post"}],"author":[{"embeddable":true,"href":"https:\/\/radiowebmx.com\/nota\/wp-json\/wp\/v2\/users\/2"}],"replies":[{"embeddable":true,"href":"https:\/\/radiowebmx.com\/nota\/wp-json\/wp\/v2\/comments?post=56466"}],"version-history":[{"count":1,"href":"https:\/\/radiowebmx.com\/nota\/wp-json\/wp\/v2\/posts\/56466\/revisions"}],"predecessor-version":[{"id":56468,"href":"https:\/\/radiowebmx.com\/nota\/wp-json\/wp\/v2\/posts\/56466\/revisions\/56468"}],"wp:featuredmedia":[{"embeddable":true,"href":"https:\/\/radiowebmx.com\/nota\/wp-json\/wp\/v2\/media\/56467"}],"wp:attachment":[{"href":"https:\/\/radiowebmx.com\/nota\/wp-json\/wp\/v2\/media?parent=56466"}],"wp:term":[{"taxonomy":"category","embeddable":true,"href":"https:\/\/radiowebmx.com\/nota\/wp-json\/wp\/v2\/categories?post=56466"},{"taxonomy":"post_tag","embeddable":true,"href":"https:\/\/radiowebmx.com\/nota\/wp-json\/wp\/v2\/tags?post=56466"}],"curies":[{"name":"wp","href":"https:\/\/api.w.org\/{rel}","templated":true}]}}