{"id":5646,"date":"2014-02-24T12:33:46","date_gmt":"2014-02-24T18:33:46","guid":{"rendered":"https:\/\/radiowebmx.com\/nota\/?p=5646"},"modified":"2014-02-24T12:35:04","modified_gmt":"2014-02-24T18:35:04","slug":"confirma-fausto-vallejo-michoacan-tiene-gente-emprendedora","status":"publish","type":"post","link":"https:\/\/radiowebmx.com\/nota\/confirma-fausto-vallejo-michoacan-tiene-gente-emprendedora\/","title":{"rendered":"CONFIRMA FAUSTO VALLEJO, MICHOAC\u00c1N TIENE GENTE EMPRENDEDORA"},"content":{"rendered":"<p><a href=\"https:\/\/radiowebmx.com\/nota\/wp-content\/uploads\/2014\/02\/DSC_6603.jpg\"><img loading=\"lazy\" decoding=\"async\" class=\"alignleft size-full wp-image-5647\" alt=\"DSC_6603\" src=\"https:\/\/radiowebmx.com\/nota\/wp-content\/uploads\/2014\/02\/DSC_6603.jpg\" width=\"591\" height=\"294\" \/><\/a>En gira de trabajo por este municipio, el gobernador Fausto Vallejo Figueroa confirm\u00f3 que Michoac\u00e1n cuenta con habitantes valiosos y de esfuerzo, decididos a aportar al desarrollo del estado; ello al colocar la primera piedra de la reubicaci\u00f3n de la Tequilera Hacienda Sahuayo S.A. de C.V., proyecto que en primera instancia generar\u00e1 150 empleos diarios en el procesamiento del agave, para estar en condiciones de exportar la tradicional bebida, el tequila.<\/p>\n<p>Este proyecto, que tendr\u00e1 una inversi\u00f3n de alrededor de 30 millones de pesos, es apoyado por el Gobierno del Estado a trav\u00e9s de la Secretar\u00eda de Desarrollo Econ\u00f3mico, as\u00ed como por el Instituto Nacional de Emprendedor, que en conjunto aportan la tercera parte del costo de esta planta productora.<\/p>\n<p>Vallejo Figueroa mencion\u00f3 que con la construcci\u00f3n de la carretera que conectar\u00e1 a Jiquilpan y Sahuayo con la Autopista de Occidente, compromiso del presidente Enrique Pe\u00f1a Nieto y de su gobierno, Villamar tambi\u00e9n se ver\u00e1 favorecido, es decir, tendr\u00e1 un impacto socioecon\u00f3mico de alcance regional.<\/p>\n<p>El director general de la empresa, Marco Villase\u00f1or Gudi\u00f1o, explic\u00f3 que este proyecto comenz\u00f3 hace cuatro a\u00f1os y hoy se hace realidad, pues el complejo agr\u00edcola cuenta con 170 hect\u00e1reas en que est\u00e1n colocadas 400 mil plantas de agave, todo tecnificado con sistema de riego y tres presas, y una vez culminada la parte que hoy se inicia, tendr\u00e1 capacidad para procesar 5 mil litros de tequila de agave diarios, miel de agave, inulina de agave y sus derivados.<\/p>\n<p>En tanto que cuando inicie operaciones la embasadora, comenzar\u00e1 a emitir 300 mil cajas de Etiqueta Negra El Fabuloso, cuyo precio es accesible a la poblaci\u00f3n y del cual, a s\u00f3lo seis meses de su salida al mercado, ya se han desplazado 50 mil cajas en cinco estados de la Rep\u00fablica.<\/p>\n<p>Abund\u00f3 que la reubicaci\u00f3n de esta planta obedece a conseguir una mejor producci\u00f3n aprovechando las caracter\u00edsticas propias del terreno, en que se aprovecha la gravedad y se reducen los costos de energ\u00eda el\u00e9ctrica; adem\u00e1s de impulsar la actividad socioecon\u00f3mica de la regi\u00f3n.<\/p>\n<p>En tanto que el presidente municipal de Villamar, Froyl\u00e1n Zambrano L\u00f3pez, destac\u00f3 que con este tipo de proyectos y la visi\u00f3n de los emprendedores locales, es como puede crecer Michoac\u00e1n, \u201crequerimos de la participaci\u00f3n de cada uno, dej\u00e9monos de ego\u00edsmos y hagamos proyectos conjuntos\u201d.<\/p>\n<p>Tambi\u00e9n fueron testigos del inicio de esta obra, la diputada federal Blanca Villase\u00f1or Gudi\u00f1o; el diputado local, Miguel Amezcua Manzo; el titular de Cplade, Octavio Aparicio Mendoza; el subsecretario de Promoci\u00f3n y Atracci\u00f3n de Inversiones, de la Sedeco, Juan Carlos Becerra Beltr\u00e1n, entre otros.<\/p>\n<p>&nbsp;<\/p>\n","protected":false},"excerpt":{"rendered":"<p>En gira de trabajo por este municipio, el gobernador Fausto Vallejo Figueroa confirm\u00f3 que Michoac\u00e1n cuenta con habitantes valiosos y de esfuerzo, decididos a aportar al desarrollo del estado;<\/p>\n","protected":false},"author":1,"featured_media":0,"comment_status":"open","ping_status":"open","sticky":false,"template":"","format":"standard","meta":{"footnotes":""},"categories":[14,3],"tags":[],"class_list":["post-5646","post","type-post","status-publish","format-standard","hentry","category-destacadas","category-gobierno-del-estado-de-michoacan"],"_links":{"self":[{"href":"https:\/\/radiowebmx.com\/nota\/wp-json\/wp\/v2\/posts\/5646","targetHints":{"allow":["GET"]}}],"collection":[{"href":"https:\/\/radiowebmx.com\/nota\/wp-json\/wp\/v2\/posts"}],"about":[{"href":"https:\/\/radiowebmx.com\/nota\/wp-json\/wp\/v2\/types\/post"}],"author":[{"embeddable":true,"href":"https:\/\/radiowebmx.com\/nota\/wp-json\/wp\/v2\/users\/1"}],"replies":[{"embeddable":true,"href":"https:\/\/radiowebmx.com\/nota\/wp-json\/wp\/v2\/comments?post=5646"}],"version-history":[{"count":3,"href":"https:\/\/radiowebmx.com\/nota\/wp-json\/wp\/v2\/posts\/5646\/revisions"}],"predecessor-version":[{"id":5649,"href":"https:\/\/radiowebmx.com\/nota\/wp-json\/wp\/v2\/posts\/5646\/revisions\/5649"}],"wp:attachment":[{"href":"https:\/\/radiowebmx.com\/nota\/wp-json\/wp\/v2\/media?parent=5646"}],"wp:term":[{"taxonomy":"category","embeddable":true,"href":"https:\/\/radiowebmx.com\/nota\/wp-json\/wp\/v2\/categories?post=5646"},{"taxonomy":"post_tag","embeddable":true,"href":"https:\/\/radiowebmx.com\/nota\/wp-json\/wp\/v2\/tags?post=5646"}],"curies":[{"name":"wp","href":"https:\/\/api.w.org\/{rel}","templated":true}]}}