{"id":5643,"date":"2014-02-24T12:09:20","date_gmt":"2014-02-24T18:09:20","guid":{"rendered":"https:\/\/radiowebmx.com\/nota\/?p=5643"},"modified":"2014-02-24T12:09:20","modified_gmt":"2014-02-24T18:09:20","slug":"certifica-icatmi-a-instructores-de-sistema-braille","status":"publish","type":"post","link":"https:\/\/radiowebmx.com\/nota\/certifica-icatmi-a-instructores-de-sistema-braille\/","title":{"rendered":"CERTIFICA ICATMI A INSTRUCTORES DE SISTEMA BRAILLE"},"content":{"rendered":"<p><a href=\"https:\/\/radiowebmx.com\/nota\/wp-content\/uploads\/2014\/02\/DSC_2633.jpg\"><img loading=\"lazy\" decoding=\"async\" class=\"alignleft size-full wp-image-5644\" alt=\"DSC_2633\" src=\"https:\/\/radiowebmx.com\/nota\/wp-content\/uploads\/2014\/02\/DSC_2633.jpg\" width=\"591\" height=\"324\" \/><\/a>El Instituto de Capacitaci\u00f3n para el Trabajo del Estado de Michoac\u00e1n, (Icatmi), entreg\u00f3 las constancias que acreditan a instructores de la ense\u00f1anza del Sistema Braille, y realiz\u00f3 la firma de convenio con el Ayuntamiento de La Piedad, para capacitar y certificar a los trabajadores municipales.<\/p>\n<p>&nbsp;<\/p>\n<p>Bert\u00edn Cornejo Mart\u00ednez, director general del Icatmi, durante el evento entreg\u00f3 tres constancias que acreditan como instructores de la ense\u00f1anza del sistema braille a integrantes de la organizaci\u00f3n \u201cManos que ven\u201d, mismos que ser\u00e1n replicadores de esta ense\u00f1anza para personas con debilidad visual o ciegos.<br \/>\nCornejo Mart\u00ednez, apunt\u00f3 que gracias a la colaboraci\u00f3n y compromiso de las diferentes instituciones, se logr\u00f3 capacitar a tres instructores, para que cuenten con un documento oficial, y con ello puedan mejorar sus condiciones de vida.<\/p>\n<p>&nbsp;<\/p>\n<p>Asimismo inform\u00f3 que desde hace dos a\u00f1os, la instituci\u00f3n a su cargo, est\u00e1 capacitando a los trabajadores del Ayuntamiento de La Piedad y con ello, se garantiza que la ciudadan\u00eda tenga m\u00e1s y mejores servicios.<\/p>\n<p>&nbsp;<\/p>\n<p>As\u00ed mismo, el funcionario reiter\u00f3 que es una instrucci\u00f3n del gobernador del Estado, Fausto Vallejo Figueroa, trabajar de la mano, con las instituciones municipales y con las organizaciones civiles para coadyuvar en el fortalecimiento de sus actividades mediante una capacitaci\u00f3n eficiente y eficaz.<\/p>\n<p>&nbsp;<\/p>\n<p>En su turno, el presidente municipal de La Piedad, Hugo Anaya \u00c1vila, inform\u00f3 que con esta alianza estrat\u00e9gica se capacita a cien empleados de las diferentes \u00e1reas de su administraci\u00f3n, principalmente de desarrollo social, quienes recibir\u00e1n de parte del Icatmi, un certificado por sus habilidades laborales.<\/p>\n<p>&nbsp;<\/p>\n<p>Posteriormente y en otro acto, acompa\u00f1ado por la diputada Adriana Hern\u00e1ndez I\u00f1iguez y Teresita Cano Higuera, directora del plantel Icatmi, La Piedad, el titular del icatmi, entreg\u00f3 450 constancias de terminaci\u00f3n de curso a igual n\u00famero de personas.<\/p>\n<p>&nbsp;<\/p>\n<p>Al hacer uso de la palabra Bert\u00edn Cornejo, se\u00f1al\u00f3 que en la Piedad, hay gente emprendedora y preocupada por incidir en el desarrollo del estado y a los egresados del Icatmi, pidi\u00f3 contribuir con lo que est\u00e9 de su parte para poner en alto el nombre de una noble instituci\u00f3n.<\/p>\n<p>&nbsp;<\/p>\n<p>Se entregaron constancias, por terminaci\u00f3n de curso en las especialidades de Corte y Confecci\u00f3n, Ingl\u00e9s, Estilismo y Bienestar Personal, Mec\u00e1nica, Gastronom\u00eda, y Carpinter\u00eda.<\/p>\n<p>&nbsp;<\/p>\n<p>&nbsp;<\/p>\n<p>&nbsp;<\/p>\n","protected":false},"excerpt":{"rendered":"<p>El Instituto de Capacitaci\u00f3n para el Trabajo del Estado de Michoac\u00e1n, (Icatmi), entreg\u00f3 las constancias que acreditan a instructores de la ense\u00f1anza del Sistema Braille, y realiz\u00f3 la firma de convenio con el Ayuntamiento de La Piedad, para capacitar y certificar a los trabajadores municipales.<\/p>\n","protected":false},"author":1,"featured_media":0,"comment_status":"open","ping_status":"open","sticky":false,"template":"","format":"standard","meta":{"footnotes":""},"categories":[14,3],"tags":[],"class_list":["post-5643","post","type-post","status-publish","format-standard","hentry","category-destacadas","category-gobierno-del-estado-de-michoacan"],"_links":{"self":[{"href":"https:\/\/radiowebmx.com\/nota\/wp-json\/wp\/v2\/posts\/5643","targetHints":{"allow":["GET"]}}],"collection":[{"href":"https:\/\/radiowebmx.com\/nota\/wp-json\/wp\/v2\/posts"}],"about":[{"href":"https:\/\/radiowebmx.com\/nota\/wp-json\/wp\/v2\/types\/post"}],"author":[{"embeddable":true,"href":"https:\/\/radiowebmx.com\/nota\/wp-json\/wp\/v2\/users\/1"}],"replies":[{"embeddable":true,"href":"https:\/\/radiowebmx.com\/nota\/wp-json\/wp\/v2\/comments?post=5643"}],"version-history":[{"count":1,"href":"https:\/\/radiowebmx.com\/nota\/wp-json\/wp\/v2\/posts\/5643\/revisions"}],"predecessor-version":[{"id":5645,"href":"https:\/\/radiowebmx.com\/nota\/wp-json\/wp\/v2\/posts\/5643\/revisions\/5645"}],"wp:attachment":[{"href":"https:\/\/radiowebmx.com\/nota\/wp-json\/wp\/v2\/media?parent=5643"}],"wp:term":[{"taxonomy":"category","embeddable":true,"href":"https:\/\/radiowebmx.com\/nota\/wp-json\/wp\/v2\/categories?post=5643"},{"taxonomy":"post_tag","embeddable":true,"href":"https:\/\/radiowebmx.com\/nota\/wp-json\/wp\/v2\/tags?post=5643"}],"curies":[{"name":"wp","href":"https:\/\/api.w.org\/{rel}","templated":true}]}}