{"id":5640,"date":"2014-02-24T11:22:27","date_gmt":"2014-02-24T17:22:27","guid":{"rendered":"https:\/\/radiowebmx.com\/nota\/?p=5640"},"modified":"2014-02-24T11:22:27","modified_gmt":"2014-02-24T17:22:27","slug":"consigna-pgje-a-probable-responsable-de-abuso-sexual-en-perjuicio-de-dos-menores-de-edad","status":"publish","type":"post","link":"https:\/\/radiowebmx.com\/nota\/consigna-pgje-a-probable-responsable-de-abuso-sexual-en-perjuicio-de-dos-menores-de-edad\/","title":{"rendered":"Consigna PGJE a probable responsable de abuso sexual en perjuicio de dos menores de edad"},"content":{"rendered":"<p>La Procuradur\u00eda General de Justicia del Estado ejercit\u00f3 acci\u00f3n penal en contra de un profesionista, probable responsable del delito de abuso sexual cometido en agravio de dos menores, il\u00edcito denunciado en la ciudad de Zacapu.<\/p>\n<p>&nbsp;<\/p>\n<p>Se trata de Jos\u00e9 Bernardo \u201cX\u201d, de 38 a\u00f1os de edad, quien fue consignado ante el Juez Penal del Distrito Judicial de Zacapu, por su presunta responsabilidad en el delito de abuso.<\/p>\n<p>&nbsp;<\/p>\n<p>De acuerdo a las constancias que obran en la Averiguaci\u00f3n Previa Penal 20\/2014, a principios del mes de febrero el inculpado ofreci\u00f3 llevar la defensa de una persona que se encuentra detenida por su presunta responsabilidad\u00a0 en el delito de robo,\u00a0 pero a cambio, pidi\u00f3 a la esposa de su defendido que se fuera a vivir con \u00e9l ya que tambi\u00e9n se har\u00eda cargo de la manutenci\u00f3n de sus hijas de tres y un a\u00f1o de edad, respectivamente.<\/p>\n<p>&nbsp;<\/p>\n<p>La mujer accedi\u00f3 a las pretensiones del defensor de oficio y hace 15 d\u00edas se fue a vivir a la casa del profesionista, notando d\u00edas despu\u00e9s que sus menores hijas lloraban mucho, adem\u00e1s de que una de ellas\u00a0 se quejaba de dolor en sus partes \u00edntimas, motivo por el que la progenitora decidi\u00f3 llevarla a un m\u00e9dico para que la revisaran, sin embargo ah\u00ed fue informada que la infante presentaba da\u00f1o y la exhortaron para que presentara la denuncia correspondiente.<\/p>\n<p>&nbsp;<\/p>\n<p>De igual forma, la madre\u00a0 coment\u00f3 que en una ocasi\u00f3n mientras ella se ba\u00f1aba dej\u00f3 a su otra hija bajo el cuidado de Jos\u00e9 Bernardo \u201cX\u201d, pero rato despu\u00e9s escuch\u00f3 que la ni\u00f1a lloraba, por lo que supuso que tambi\u00e9n la menor fue v\u00edctima de abuso.<\/p>\n<p>&nbsp;<\/p>\n<p>Una\u00a0 vez que la madre de las ofendidas present\u00f3 la denuncia y se dictamin\u00f3 la afectaci\u00f3n f\u00edsica de las menores, el personal de la Polic\u00eda Ministerial procedi\u00f3 a la localizaci\u00f3n del indiciado y presentaci\u00f3n ante el agente del Ministerio P\u00fablico, quien decret\u00f3 su detenci\u00f3n y posteriormente su consignaci\u00f3n ante el Juzgado Penal, mismo que habr\u00e1 de resolver su situaci\u00f3n jur\u00eddica.<\/p>\n","protected":false},"excerpt":{"rendered":"<p>La Procuradur\u00eda General de Justicia del Estado ejercit\u00f3 acci\u00f3n penal en contra de un profesionista, probable responsable del delito de abuso sexual cometido en agravio de dos menores, il\u00edcito denunciado en la ciudad de Zacapu.<\/p>\n","protected":false},"author":1,"featured_media":0,"comment_status":"open","ping_status":"open","sticky":false,"template":"","format":"standard","meta":{"footnotes":""},"categories":[3],"tags":[],"class_list":["post-5640","post","type-post","status-publish","format-standard","hentry","category-gobierno-del-estado-de-michoacan"],"_links":{"self":[{"href":"https:\/\/radiowebmx.com\/nota\/wp-json\/wp\/v2\/posts\/5640","targetHints":{"allow":["GET"]}}],"collection":[{"href":"https:\/\/radiowebmx.com\/nota\/wp-json\/wp\/v2\/posts"}],"about":[{"href":"https:\/\/radiowebmx.com\/nota\/wp-json\/wp\/v2\/types\/post"}],"author":[{"embeddable":true,"href":"https:\/\/radiowebmx.com\/nota\/wp-json\/wp\/v2\/users\/1"}],"replies":[{"embeddable":true,"href":"https:\/\/radiowebmx.com\/nota\/wp-json\/wp\/v2\/comments?post=5640"}],"version-history":[{"count":2,"href":"https:\/\/radiowebmx.com\/nota\/wp-json\/wp\/v2\/posts\/5640\/revisions"}],"predecessor-version":[{"id":5642,"href":"https:\/\/radiowebmx.com\/nota\/wp-json\/wp\/v2\/posts\/5640\/revisions\/5642"}],"wp:attachment":[{"href":"https:\/\/radiowebmx.com\/nota\/wp-json\/wp\/v2\/media?parent=5640"}],"wp:term":[{"taxonomy":"category","embeddable":true,"href":"https:\/\/radiowebmx.com\/nota\/wp-json\/wp\/v2\/categories?post=5640"},{"taxonomy":"post_tag","embeddable":true,"href":"https:\/\/radiowebmx.com\/nota\/wp-json\/wp\/v2\/tags?post=5640"}],"curies":[{"name":"wp","href":"https:\/\/api.w.org\/{rel}","templated":true}]}}