{"id":56393,"date":"2018-09-11T19:39:02","date_gmt":"2018-09-12T00:39:02","guid":{"rendered":"https:\/\/radiowebmx.com\/nota\/?p=56393"},"modified":"2018-09-11T19:39:02","modified_gmt":"2018-09-12T00:39:02","slug":"decisiones-caprichosas-de-silvano-aureoles-en-materia-de-seguridad-no-pueden-alterar-el-orden-institucional-eduardo-garcia-chavira","status":"publish","type":"post","link":"https:\/\/radiowebmx.com\/nota\/decisiones-caprichosas-de-silvano-aureoles-en-materia-de-seguridad-no-pueden-alterar-el-orden-institucional-eduardo-garcia-chavira\/","title":{"rendered":"Decisiones caprichosas de Silvano Aureoles en materia de seguridad no pueden alterar el orden institucional: Eduardo Garc\u00eda Chavira"},"content":{"rendered":"<p class=\"x_gmail-xydpd8f9ca71yiv7278021457msonormal\">Aunque el gobernador quiera tomar decisiones autoritarias, Michoac\u00e1n forma parte de una rep\u00fablica federal, extern\u00f3 el diputado, Eduardo Garc\u00eda Chavira integrante del grupo parlamentario del PAN, en el Congreso Local, quien adem\u00e1s agreg\u00f3 que\u00a0&#8220;los alcaldes, el Gobernador y el Presidente de la Rep\u00fablica deben trabajar en armon\u00eda por el bienestar com\u00fan y todos tienen la responsabilidad constitucional de construir orden p\u00fablico y la seguridad en sus respectivos territorios&#8221;<\/p>\n<p class=\"x_gmail-xydpd8f9ca71yiv7278021457msonormal\">\n<p class=\"x_gmail-xydpd8f9ca71yiv7278021457msonormal\">Indic\u00f3 que el gobierno estatal tiene la responsabilidad de brindar seguridad y ser garante de establecer la necesaria gobernabilidad en los 113 municipios michoacanos sin parcialidades pol\u00edticas o de manejos interesados que al final no contribuyen a alivianar el grave problema de inseguridad que se vive en esta regi\u00f3n y por el contrario pudiesen generar mayores problemas ante la ausencia de una estrategia concertada entre los 3 niveles de gobierno.<\/p>\n<p class=\"x_gmail-xydpd8f9ca71yiv7278021457msonormal\">\n<p class=\"x_gmail-xydpd8f9ca71yiv7278021457msonormal\">Se\u00f1al\u00f3 que &#8220;parece m\u00e1s una decisi\u00f3n desesperada por el manejo de los recursos por parte del gobierno estatal, lo que lo est\u00e1 llevando a tomar decisiones improvisadas sin medir que con ello atenta contra la seguridad y la gobernabilidad michoacana al someter a los municipios a sus caprichos coloc\u00e1ndolos a merced de la delincuencia&#8221;.<\/p>\n<p class=\"x_gmail-xydpd8f9ca71yiv7278021457msonormal\">\n<p class=\"x_gmail-xydpd8f9ca71yiv7278021457msonormal\">Agreg\u00f3 Garc\u00eda Chavira que &#8220;los alcaldes no est\u00e1n solos, en defensa de la institucionalidad habemos m\u00e1s actores involucrados para poner en evidencia estas actitudes contrarias al prop\u00f3sito de gobernar entidades. Deber\u00eda ser la colaboraci\u00f3n, no la subordinaci\u00f3n de los \u00f3rdenes de gobierno m\u00e1s vulnerables la que fortalezca las instituciones desde el territorio&#8221;.<\/p>\n<p class=\"x_gmail-xydpd8f9ca71yiv7278021457msonormal\">\n<p class=\"x_gmail-xydpd8f9ca71yiv7278021457msonormal\">\n<p class=\"x_gmail-xydpd8f9ca71yiv7278021457msonormal\">&#8220;Quiero se\u00f1alar y responsabilizar de manera directa al Gobernador de cualquier situaci\u00f3n o crisis de seguridad que pueda ocurrir en cualquier municipio en donde retir\u00f3 el estado de fuerza de la polic\u00eda de Michoac\u00e1n, solo para presionarlos, chantajearlos, con la firma de un Mando \u00danico que ha demostrado no reducir las violencias y ha dejado solo en evidencia la voracidad por concentrar los recursos econ\u00f3micos etiquetados en el rubro, para los Ayuntamientos, en la Secretaria de Seguridad P\u00fablica&#8221; finaliz\u00f3.<\/p>\n","protected":false},"excerpt":{"rendered":"<p>Aunque el gobernador quiera tomar decisiones autoritarias, Michoac\u00e1n forma parte de una rep\u00fablica federal, extern\u00f3 el diputado, Eduardo Garc\u00eda Chavira integrante del grupo parlamentario del PAN, en el Congreso Local, quien adem\u00e1s agreg\u00f3 que\u00a0&#8220;los alcaldes, el Gobernador y el Presidente de la Rep\u00fablica deben trabajar en armon\u00eda por el bienestar com\u00fan y todos tienen la [&hellip;]<\/p>\n","protected":false},"author":2,"featured_media":56394,"comment_status":"closed","ping_status":"closed","sticky":false,"template":"","format":"standard","meta":{"footnotes":""},"categories":[6],"tags":[],"class_list":["post-56393","post","type-post","status-publish","format-standard","has-post-thumbnail","hentry","category-congreso-del-estado"],"_links":{"self":[{"href":"https:\/\/radiowebmx.com\/nota\/wp-json\/wp\/v2\/posts\/56393","targetHints":{"allow":["GET"]}}],"collection":[{"href":"https:\/\/radiowebmx.com\/nota\/wp-json\/wp\/v2\/posts"}],"about":[{"href":"https:\/\/radiowebmx.com\/nota\/wp-json\/wp\/v2\/types\/post"}],"author":[{"embeddable":true,"href":"https:\/\/radiowebmx.com\/nota\/wp-json\/wp\/v2\/users\/2"}],"replies":[{"embeddable":true,"href":"https:\/\/radiowebmx.com\/nota\/wp-json\/wp\/v2\/comments?post=56393"}],"version-history":[{"count":1,"href":"https:\/\/radiowebmx.com\/nota\/wp-json\/wp\/v2\/posts\/56393\/revisions"}],"predecessor-version":[{"id":56395,"href":"https:\/\/radiowebmx.com\/nota\/wp-json\/wp\/v2\/posts\/56393\/revisions\/56395"}],"wp:featuredmedia":[{"embeddable":true,"href":"https:\/\/radiowebmx.com\/nota\/wp-json\/wp\/v2\/media\/56394"}],"wp:attachment":[{"href":"https:\/\/radiowebmx.com\/nota\/wp-json\/wp\/v2\/media?parent=56393"}],"wp:term":[{"taxonomy":"category","embeddable":true,"href":"https:\/\/radiowebmx.com\/nota\/wp-json\/wp\/v2\/categories?post=56393"},{"taxonomy":"post_tag","embeddable":true,"href":"https:\/\/radiowebmx.com\/nota\/wp-json\/wp\/v2\/tags?post=56393"}],"curies":[{"name":"wp","href":"https:\/\/api.w.org\/{rel}","templated":true}]}}