{"id":5636,"date":"2014-02-18T12:57:12","date_gmt":"2014-02-18T18:57:12","guid":{"rendered":"https:\/\/radiowebmx.com\/nota\/?p=5636"},"modified":"2014-02-18T12:57:12","modified_gmt":"2014-02-18T18:57:12","slug":"capacitan-a-los-micro-y-pequenos-empresarios-sobre-la-reforma-fiscal-2014","status":"publish","type":"post","link":"https:\/\/radiowebmx.com\/nota\/capacitan-a-los-micro-y-pequenos-empresarios-sobre-la-reforma-fiscal-2014\/","title":{"rendered":"CAPACITAN A LOS MICRO Y PEQUE\u00d1OS EMPRESARIOS SOBRE LA REFORMA FISCAL 2014"},"content":{"rendered":"<p>El Gobierno del Estado a trav\u00e9s de la Secretar\u00eda de Desarrollo Econ\u00f3mico (Sedeco), en coordinaci\u00f3n con la Fundaci\u00f3n Ciudadana para el Desarrollo Integral de Michoac\u00e1n (Fucidim), llev\u00f3 a este municipio porte\u00f1o las Jornadas de Promoci\u00f3n y Capacitaci\u00f3n para los Micro y Peque\u00f1os Empresarios.<\/p>\n<p>Este taller se realiz\u00f3 con el objetivo de actualizar a los micro y peque\u00f1os empresarios sobre la Reforma Fiscal 2014, para que puedan enfrentar las nuevas medidas fiscales y evitar as\u00ed, incurrir en faltas ante el Servicio de Administraci\u00f3n Tributaria (SAT).<\/p>\n<p>El mayor porcentaje de las empresas en el estado son micros y peque\u00f1as, por lo que resultar\u00eda complicado para la totalidad de due\u00f1os de \u00e9stas, invertir en asesor\u00eda especializada sobre el tema, de ah\u00ed que se emprendieron estas jornadas.<\/p>\n<p>La capacitaci\u00f3n es impartida por expertos fiscalistas que orientan a los micro y peque\u00f1os empresarios, sobre las herramientas necesarias frente a sus obligaciones tributarias.<\/p>\n<p>Adem\u00e1s, dentro de la capacitaci\u00f3n, los asistentes tuvieron acceso a la informaci\u00f3n en cuanto a servicios, programas y apoyos que ofrecen tanto la Secretar\u00eda de Econom\u00eda (SE), como la Sedeco, enfocados al fortalecimiento de las MIPyMES.<\/p>\n<p>Se espera continuar con la capacitaci\u00f3n en pr\u00f3ximas fechas en beneficio de m\u00e1s propietarios.<\/p>\n","protected":false},"excerpt":{"rendered":"<p>El Gobierno del Estado a trav\u00e9s de la Secretar\u00eda de Desarrollo Econ\u00f3mico (Sedeco), en coordinaci\u00f3n con la Fundaci\u00f3n Ciudadana para el Desarrollo Integral de Michoac\u00e1n (Fucidim), llev\u00f3 a este municipio porte\u00f1o las Jornadas de Promoci\u00f3n y Capacitaci\u00f3n para los Micro y Peque\u00f1os Empresarios.<\/p>\n","protected":false},"author":1,"featured_media":0,"comment_status":"open","ping_status":"open","sticky":false,"template":"","format":"standard","meta":{"footnotes":""},"categories":[14,3],"tags":[],"class_list":["post-5636","post","type-post","status-publish","format-standard","hentry","category-destacadas","category-gobierno-del-estado-de-michoacan"],"_links":{"self":[{"href":"https:\/\/radiowebmx.com\/nota\/wp-json\/wp\/v2\/posts\/5636","targetHints":{"allow":["GET"]}}],"collection":[{"href":"https:\/\/radiowebmx.com\/nota\/wp-json\/wp\/v2\/posts"}],"about":[{"href":"https:\/\/radiowebmx.com\/nota\/wp-json\/wp\/v2\/types\/post"}],"author":[{"embeddable":true,"href":"https:\/\/radiowebmx.com\/nota\/wp-json\/wp\/v2\/users\/1"}],"replies":[{"embeddable":true,"href":"https:\/\/radiowebmx.com\/nota\/wp-json\/wp\/v2\/comments?post=5636"}],"version-history":[{"count":1,"href":"https:\/\/radiowebmx.com\/nota\/wp-json\/wp\/v2\/posts\/5636\/revisions"}],"predecessor-version":[{"id":5637,"href":"https:\/\/radiowebmx.com\/nota\/wp-json\/wp\/v2\/posts\/5636\/revisions\/5637"}],"wp:attachment":[{"href":"https:\/\/radiowebmx.com\/nota\/wp-json\/wp\/v2\/media?parent=5636"}],"wp:term":[{"taxonomy":"category","embeddable":true,"href":"https:\/\/radiowebmx.com\/nota\/wp-json\/wp\/v2\/categories?post=5636"},{"taxonomy":"post_tag","embeddable":true,"href":"https:\/\/radiowebmx.com\/nota\/wp-json\/wp\/v2\/tags?post=5636"}],"curies":[{"name":"wp","href":"https:\/\/api.w.org\/{rel}","templated":true}]}}