{"id":56338,"date":"2018-09-07T18:19:43","date_gmt":"2018-09-07T23:19:43","guid":{"rendered":"https:\/\/radiowebmx.com\/nota\/?p=56338"},"modified":"2018-09-07T18:19:43","modified_gmt":"2018-09-07T23:19:43","slug":"congreso-establece-procedimiento-para-designacion-de-contralor-para-el-tja","status":"publish","type":"post","link":"https:\/\/radiowebmx.com\/nota\/congreso-establece-procedimiento-para-designacion-de-contralor-para-el-tja\/","title":{"rendered":"Congreso establece procedimiento para designaci\u00f3n de Contralor para el TJA"},"content":{"rendered":"<p class=\"x_gmail-MsoListParagraph\">\u00b7\u00a0\u00a0\u00a0\u00a0\u00a0\u00a0\u00a0\u00a0<i>Reforman el c\u00f3digo de Justicia Administrativa para establecer atribuciones y responsabilidades<\/i><\/p>\n<p class=\"x_MsoNormal\">\n<p class=\"x_MsoNormal\"><b>Morelia; Michoac\u00e1n, 07 de septiembre de 2018<\/b>.-\u00a0La Septuag\u00e9sima Tercera Legislatura aprob\u00f3 por unanimidad diversas reformas y adiciones al\u00a0C\u00f3digo de Justicia Administrativa del Estado, para establecer el procedimiento de designaci\u00f3n del titular del \u00d3rgano Interno de Control (OIC), as\u00ed como sus atribuciones, facultades y responsabilidades.<\/p>\n<p class=\"x_MsoNormal\">\n<p class=\"x_MsoNormal\">El dictamen presentado por las comisiones unidas de Justicia y Gobernaci\u00f3n, se\u00f1alan que el Contralor del Tribunal de Justicia Administrativa (TJA), ser\u00e1 nombrado por el Congreso del Estado con el voto de las dos terceras partes de sus miembros presentes, durar\u00e1 en su encargo cinco a\u00f1os y no podr\u00e1 ser reelecto, adem\u00e1s de que deber\u00e1 reunir los requisitos que se\u00f1ala el C\u00f3digo.<\/p>\n<p class=\"x_MsoNormal\">\n<p class=\"x_MsoNormal\">Una vez designado el responsable del \u00f3rgano de control deber\u00e1 vigilar controlar y evaluar el cumplimento de la normativa administrativa por parte de los servidores p\u00fablicos del Tribunal, de igual forma realizar\u00e1 las auditor\u00edas sobre administraci\u00f3n, finanzas, planeaci\u00f3n y aplicaci\u00f3n de la normatividad.<\/p>\n<p class=\"x_MsoNormal\">\n<p class=\"x_MsoNormal\">El Contralor tendr\u00e1 la responsabilidad de llevar el registro y seguimiento de la situaci\u00f3n patrimonial de los servidores p\u00fablicos del Tribunal y formular observaciones y recomendaciones con base a las auditor\u00edas al Tribunal adem\u00e1s de llevar a cabo visitas de inspecci\u00f3n y vigilancia.<\/p>\n<p class=\"x_MsoNormal\">\n<p class=\"x_MsoNormal\">Finalmente el titular del OIC tendr\u00e1 a su cargo la fiscalizaci\u00f3n de los ingresos y egresos, estar\u00e1 dotado de autonom\u00eda t\u00e9cnica y de gesti\u00f3n para decidir sobre su funcionamiento y resoluciones, las cuales se resolver\u00e1n en el marco de los principios de imparcialidad, legalidad, objetividad, certeza, honestidad, profesionalismo, exhaustividad y transparencia.<\/p>\n","protected":false},"excerpt":{"rendered":"<p>\u00b7\u00a0\u00a0\u00a0\u00a0\u00a0\u00a0\u00a0\u00a0Reforman el c\u00f3digo de Justicia Administrativa para establecer atribuciones y responsabilidades Morelia; Michoac\u00e1n, 07 de septiembre de 2018.-\u00a0La Septuag\u00e9sima Tercera Legislatura aprob\u00f3 por unanimidad diversas reformas y adiciones al\u00a0C\u00f3digo de Justicia Administrativa del Estado, para establecer el procedimiento de designaci\u00f3n del titular del \u00d3rgano Interno de Control (OIC), as\u00ed como sus atribuciones, facultades y responsabilidades. [&hellip;]<\/p>\n","protected":false},"author":2,"featured_media":56339,"comment_status":"closed","ping_status":"closed","sticky":false,"template":"","format":"standard","meta":{"footnotes":""},"categories":[6],"tags":[],"class_list":["post-56338","post","type-post","status-publish","format-standard","has-post-thumbnail","hentry","category-congreso-del-estado"],"_links":{"self":[{"href":"https:\/\/radiowebmx.com\/nota\/wp-json\/wp\/v2\/posts\/56338","targetHints":{"allow":["GET"]}}],"collection":[{"href":"https:\/\/radiowebmx.com\/nota\/wp-json\/wp\/v2\/posts"}],"about":[{"href":"https:\/\/radiowebmx.com\/nota\/wp-json\/wp\/v2\/types\/post"}],"author":[{"embeddable":true,"href":"https:\/\/radiowebmx.com\/nota\/wp-json\/wp\/v2\/users\/2"}],"replies":[{"embeddable":true,"href":"https:\/\/radiowebmx.com\/nota\/wp-json\/wp\/v2\/comments?post=56338"}],"version-history":[{"count":1,"href":"https:\/\/radiowebmx.com\/nota\/wp-json\/wp\/v2\/posts\/56338\/revisions"}],"predecessor-version":[{"id":56340,"href":"https:\/\/radiowebmx.com\/nota\/wp-json\/wp\/v2\/posts\/56338\/revisions\/56340"}],"wp:featuredmedia":[{"embeddable":true,"href":"https:\/\/radiowebmx.com\/nota\/wp-json\/wp\/v2\/media\/56339"}],"wp:attachment":[{"href":"https:\/\/radiowebmx.com\/nota\/wp-json\/wp\/v2\/media?parent=56338"}],"wp:term":[{"taxonomy":"category","embeddable":true,"href":"https:\/\/radiowebmx.com\/nota\/wp-json\/wp\/v2\/categories?post=56338"},{"taxonomy":"post_tag","embeddable":true,"href":"https:\/\/radiowebmx.com\/nota\/wp-json\/wp\/v2\/tags?post=56338"}],"curies":[{"name":"wp","href":"https:\/\/api.w.org\/{rel}","templated":true}]}}